{"id":72146,"date":"2025-07-15T12:49:09","date_gmt":"2025-07-15T12:49:09","guid":{"rendered":"https:\/\/www.camper.is\/ontdek-ijsland-vrijheid-op-vier-wielen\/"},"modified":"2025-07-15T12:49:25","modified_gmt":"2025-07-15T12:49:25","slug":"ontdek-ijsland-vrijheid-op-vier-wielen","status":"publish","type":"post","link":"https:\/\/www.camper.is\/nl\/ontdek-ijsland-vrijheid-op-vier-wielen\/","title":{"rendered":"Ontdek IJsland - Vrijheid op vier wielen"},"content":{"rendered":"\n<p>IJsland verkennen in een camper of 4x4 camper betekent avontuur, vrijheid en onvergetelijke ontmoetingen met de natuur. Terwijl je door uitgestrekte landschappen rijdt, onthult elke bocht een nieuw adembenemend uitzicht. <\/p>\n\n<p>Een spontane stop bij een paardenweide - de wind waait zachtjes over het gras, IJslandse paarden grazen vredig en in de verte rijzen vulkanen en gletsjers op. Stap naar buiten, haal diep adem en geniet gewoon van het moment. <\/p>\n\n<p>IJsland is een land om te beleven. En met je eigen camper zit je er middenin. <\/p>\n","protected":false},"excerpt":{"rendered":"<p>IJsland verkennen in een camper of 4&#215;4 camper betekent avontuur, vrijheid en onvergetelijke ontmoetingen met de natuur. Terwijl je door uitgestrekte landschappen rijdt, onthult elke bocht een nieuw adembenemend uitzicht. Een spontane stop bij een paardenweide - de wind waait zachtjes over het gras, IJslandse paarden grazen vredig en in de verte rijzen vulkanen en [&hellip;]<\/p>\n","protected":false},"author":3,"featured_media":72137,"comment_status":"open","ping_status":"open","sticky":false,"template":"","format":"standard","meta":{"_acf_changed":false,"jetpack_post_was_ever_published":false,"_jetpack_newsletter_access":"","_jetpack_dont_email_post_to_subs":false,"_jetpack_newsletter_tier_id":0,"_jetpack_memberships_contains_paywalled_content":false,"_jetpack_memberships_contains_paid_content":false,"footnotes":""},"categories":[228],"tags":[],"class_list":["post-72146","post","type-post","status-publish","format-standard","has-post-thumbnail","hentry","category-nieuws-product-updates"],"acf":[],"jetpack_featured_media_url":"https:\/\/i0.wp.com\/www.camper.is\/wp-content\/uploads\/2025\/07\/icelandic-horse.jpeg?fit=1280%2C720&quality=80&ssl=1","jetpack_sharing_enabled":true,"jetpack_shortlink":"https:\/\/wp.me\/p569lP-iLE","jetpack-related-posts":[{"id":74828,"url":"https:\/\/www.camper.is\/nl\/gledilegt-nytt-ar-gelukkig-nieuwjaar-van-camper-ijsland\/","url_meta":{"origin":72146,"position":0},"title":"Gle\u00f0ilegt n\u00fdtt \u00e1r - Gelukkig Nieuwjaar van Camper IJsland!","author":"Marion Johnson","date":"26 maart 2026","format":false,"excerpt":"Plan uw IJsland-avontuur 2026 - Profiteer van 5% vroegboekkortingen Een nieuw jaar betekent nieuwe avonturen - en 2026 is de perfecte tijd om IJsland op jouw manier te verkennen. Met weidse landschappen, dramatische natuur en onvergetelijke ervaringen om elke hoek is IJsland een droombestemming voor reizigers die houden van vrijheid,\u2026","rel":"","context":"In &quot;Nieuws &amp; product updates&quot;","block_context":{"text":"Nieuws &amp; product updates","link":"https:\/\/www.camper.is\/nl\/nieuws-product-updates\/"},"img":{"alt_text":"","src":"https:\/\/i0.wp.com\/www.camper.is\/wp-content\/uploads\/2026\/01\/IMG_2262.jpeg?fit=1024%2C1024&quality=80&ssl=1&resize=350%2C200","width":350,"height":200,"srcset":"https:\/\/i0.wp.com\/www.camper.is\/wp-content\/uploads\/2026\/01\/IMG_2262.jpeg?fit=1024%2C1024&quality=80&ssl=1&resize=350%2C200 1x, https:\/\/i0.wp.com\/www.camper.is\/wp-content\/uploads\/2026\/01\/IMG_2262.jpeg?fit=1024%2C1024&quality=80&ssl=1&resize=525%2C300 1.5x, https:\/\/i0.wp.com\/www.camper.is\/wp-content\/uploads\/2026\/01\/IMG_2262.jpeg?fit=1024%2C1024&quality=80&ssl=1&resize=700%2C400 2x"},"classes":[]},{"id":74801,"url":"https:\/\/www.camper.is\/nl\/ontdek-ijsland-op-jouw-manier-15-korting-op-4x4-camperhuur-in-juni-2026\/","url_meta":{"origin":72146,"position":1},"title":"Ontdek IJsland op jouw manier - 15% korting op 4&#215;4 camperhuur in juni 2026","author":"Marion Johnson","date":"26 maart 2026","format":false,"excerpt":"Beste Camper IJsland-klant, Droom je van eindeloos daglicht, adembenemende landschappen en totale vrijheid onderweg? Juni is een van de beste maanden om IJsland te ervaren - en nu is het nog beter. Voor een beperkte tijd bieden we 15% korting op de dagelijkse huurprijzen voor alle camperverhuur met een huurbegindatum\u2026","rel":"","context":"In &quot;Nieuws &amp; product updates&quot;","block_context":{"text":"Nieuws &amp; product updates","link":"https:\/\/www.camper.is\/nl\/nieuws-product-updates\/"},"img":{"alt_text":"","src":"https:\/\/i0.wp.com\/www.camper.is\/wp-content\/uploads\/2019\/11\/motor_home_6-3.jpeg?fit=1200%2C802&quality=80&ssl=1&resize=350%2C200","width":350,"height":200,"srcset":"https:\/\/i0.wp.com\/www.camper.is\/wp-content\/uploads\/2019\/11\/motor_home_6-3.jpeg?fit=1200%2C802&quality=80&ssl=1&resize=350%2C200 1x, https:\/\/i0.wp.com\/www.camper.is\/wp-content\/uploads\/2019\/11\/motor_home_6-3.jpeg?fit=1200%2C802&quality=80&ssl=1&resize=525%2C300 1.5x, https:\/\/i0.wp.com\/www.camper.is\/wp-content\/uploads\/2019\/11\/motor_home_6-3.jpeg?fit=1200%2C802&quality=80&ssl=1&resize=700%2C400 2x, https:\/\/i0.wp.com\/www.camper.is\/wp-content\/uploads\/2019\/11\/motor_home_6-3.jpeg?fit=1200%2C802&quality=80&ssl=1&resize=1050%2C600 3x"},"classes":[]},{"id":75427,"url":"https:\/\/www.camper.is\/nl\/beleef-kaleo-live-in-thingvellir-een-uniek-evenement-in-ijsland\/","url_meta":{"origin":72146,"position":2},"title":"Beleef KALEO Live in \u00deingvellir - Een uniek evenement in IJsland","author":"Marion Johnson","date":"28 maart 2026","format":false,"excerpt":"Plan je een roadtrip IJsland voor 2026? De IJslandse rocksensatie KALEO geeft op 20 juni 2026 een historisch openluchtconcert in het Nationaal Park \u00deingvellir. Beleef muziek van wereldklasse in een UNESCO Werelderfgoedlocatie - het ultieme hoogtepunt voor elk zomers camperavontuur. Lees meer over dit unieke evenement!","rel":"","context":"In &quot;Nieuws &amp; product updates&quot;","block_context":{"text":"Nieuws &amp; product updates","link":"https:\/\/www.camper.is\/nl\/nieuws-product-updates\/"},"img":{"alt_text":"","src":"https:\/\/i0.wp.com\/www.camper.is\/wp-content\/uploads\/2026\/03\/Bildschirmfoto-2026-03-28-um-08.17.43.png?fit=1200%2C829&quality=72&ssl=1&resize=350%2C200","width":350,"height":200,"srcset":"https:\/\/i0.wp.com\/www.camper.is\/wp-content\/uploads\/2026\/03\/Bildschirmfoto-2026-03-28-um-08.17.43.png?fit=1200%2C829&quality=72&ssl=1&resize=350%2C200 1x, https:\/\/i0.wp.com\/www.camper.is\/wp-content\/uploads\/2026\/03\/Bildschirmfoto-2026-03-28-um-08.17.43.png?fit=1200%2C829&quality=72&ssl=1&resize=525%2C300 1.5x, https:\/\/i0.wp.com\/www.camper.is\/wp-content\/uploads\/2026\/03\/Bildschirmfoto-2026-03-28-um-08.17.43.png?fit=1200%2C829&quality=72&ssl=1&resize=700%2C400 2x, https:\/\/i0.wp.com\/www.camper.is\/wp-content\/uploads\/2026\/03\/Bildschirmfoto-2026-03-28-um-08.17.43.png?fit=1200%2C829&quality=72&ssl=1&resize=1050%2C600 3x"},"classes":[]},{"id":76248,"url":"https:\/\/www.camper.is\/nl\/late-plannen-kunnen-veranderen-in-de-beste-avonturen-vooral-als-ze-je-naar-ijsland-leiden\/","url_meta":{"origin":72146,"position":3},"title":"Late plannen kunnen veranderen in de beste avonturen - vooral als ze je naar IJsland leiden","author":"Marion Johnson","date":"22 april 2026","format":false,"excerpt":"Als je denkt aan een spontaan uitje in mei of juni, dan is dit het perfecte moment. Met minder mensenmassa's, langer daglicht en een natuur die weer tot leven komt, laat IJsland zich aan het begin van de zomer van een heel bijzondere kant zien. En voor degenen die snel\u2026","rel":"","context":"In &quot;Nieuws &amp; product updates&quot;","block_context":{"text":"Nieuws &amp; product updates","link":"https:\/\/www.camper.is\/nl\/nieuws-product-updates\/"},"img":{"alt_text":"","src":"https:\/\/i0.wp.com\/www.camper.is\/wp-content\/uploads\/2026\/04\/276A8638-copy-scaled.jpeg?fit=1200%2C800&quality=80&ssl=1&resize=350%2C200","width":350,"height":200,"srcset":"https:\/\/i0.wp.com\/www.camper.is\/wp-content\/uploads\/2026\/04\/276A8638-copy-scaled.jpeg?fit=1200%2C800&quality=80&ssl=1&resize=350%2C200 1x, https:\/\/i0.wp.com\/www.camper.is\/wp-content\/uploads\/2026\/04\/276A8638-copy-scaled.jpeg?fit=1200%2C800&quality=80&ssl=1&resize=525%2C300 1.5x, https:\/\/i0.wp.com\/www.camper.is\/wp-content\/uploads\/2026\/04\/276A8638-copy-scaled.jpeg?fit=1200%2C800&quality=80&ssl=1&resize=700%2C400 2x, https:\/\/i0.wp.com\/www.camper.is\/wp-content\/uploads\/2026\/04\/276A8638-copy-scaled.jpeg?fit=1200%2C800&quality=80&ssl=1&resize=1050%2C600 3x"},"classes":[]},{"id":74746,"url":"https:\/\/www.camper.is\/nl\/ontdek-ijsland-in-de-lente-geniet-van-20-korting-op-je-camper-ijsland-avontuur\/","url_meta":{"origin":72146,"position":4},"title":"Ontdek IJsland in de lente - Geniet van 20% korting op je Camper IJsland avontuur","author":"Marion Johnson","date":"26 maart 2026","format":false,"excerpt":"De lente in IJsland is echt een bijzondere tijd om te reizen. Als het land ontwaakt uit de winter, zijn watervallen krachtig met smeltend gletsjerwater, beginnen de landschappen groen te kleuren en worden de dagen langer met prachtig zacht licht over de bergen en lavavelden. Met een camper door IJsland\u2026","rel":"","context":"In &quot;Nieuws &amp; product updates&quot;","block_context":{"text":"Nieuws &amp; product updates","link":"https:\/\/www.camper.is\/nl\/nieuws-product-updates\/"},"img":{"alt_text":"IJsland in mei","src":"https:\/\/i0.wp.com\/www.camper.is\/wp-content\/uploads\/2026\/03\/3EF4418F-AE47-4A2B-A5A5-4CF900343B38.jpeg?fit=1200%2C801&quality=80&ssl=1&resize=350%2C200","width":350,"height":200,"srcset":"https:\/\/i0.wp.com\/www.camper.is\/wp-content\/uploads\/2026\/03\/3EF4418F-AE47-4A2B-A5A5-4CF900343B38.jpeg?fit=1200%2C801&quality=80&ssl=1&resize=350%2C200 1x, https:\/\/i0.wp.com\/www.camper.is\/wp-content\/uploads\/2026\/03\/3EF4418F-AE47-4A2B-A5A5-4CF900343B38.jpeg?fit=1200%2C801&quality=80&ssl=1&resize=525%2C300 1.5x, https:\/\/i0.wp.com\/www.camper.is\/wp-content\/uploads\/2026\/03\/3EF4418F-AE47-4A2B-A5A5-4CF900343B38.jpeg?fit=1200%2C801&quality=80&ssl=1&resize=700%2C400 2x, https:\/\/i0.wp.com\/www.camper.is\/wp-content\/uploads\/2026\/03\/3EF4418F-AE47-4A2B-A5A5-4CF900343B38.jpeg?fit=1200%2C801&quality=80&ssl=1&resize=1050%2C600 3x"},"classes":[]},{"id":74745,"url":"https:\/\/www.camper.is\/nl\/waar-de-aarde-vuur-en-ijs-ademt\/","url_meta":{"origin":72146,"position":5},"title":"Waar de aarde vuur en ijs ademt","author":"Marion Johnson","date":"26 maart 2026","format":false,"excerpt":"IJsland is niet alleen een bestemming - het is een gevoel. Het kraken van vulkanisch gesteente onder je laarzen. De stilte van een gletsjer bij zonsopgang. De plotselinge uitbarsting van een geiser, alsof de planeet zelf je eraan herinnert dat je hier leeft. Bij Camper Iceland verhuren we niet alleen\u2026","rel":"","context":"In &quot;Nieuws &amp; product updates&quot;","block_context":{"text":"Nieuws &amp; product updates","link":"https:\/\/www.camper.is\/nl\/nieuws-product-updates\/"},"img":{"alt_text":"","src":"https:\/\/i0.wp.com\/www.camper.is\/wp-content\/uploads\/2026\/03\/Bildschirmfoto-2026-03-13-um-20.19.01.png?fit=1200%2C881&quality=72&ssl=1&resize=350%2C200","width":350,"height":200,"srcset":"https:\/\/i0.wp.com\/www.camper.is\/wp-content\/uploads\/2026\/03\/Bildschirmfoto-2026-03-13-um-20.19.01.png?fit=1200%2C881&quality=72&ssl=1&resize=350%2C200 1x, https:\/\/i0.wp.com\/www.camper.is\/wp-content\/uploads\/2026\/03\/Bildschirmfoto-2026-03-13-um-20.19.01.png?fit=1200%2C881&quality=72&ssl=1&resize=525%2C300 1.5x, https:\/\/i0.wp.com\/www.camper.is\/wp-content\/uploads\/2026\/03\/Bildschirmfoto-2026-03-13-um-20.19.01.png?fit=1200%2C881&quality=72&ssl=1&resize=700%2C400 2x, https:\/\/i0.wp.com\/www.camper.is\/wp-content\/uploads\/2026\/03\/Bildschirmfoto-2026-03-13-um-20.19.01.png?fit=1200%2C881&quality=72&ssl=1&resize=1050%2C600 3x"},"classes":[]}],"_links":{"self":[{"href":"https:\/\/www.camper.is\/nl\/wp-json\/wp\/v2\/posts\/72146","targetHints":{"allow":["GET"]}}],"collection":[{"href":"https:\/\/www.camper.is\/nl\/wp-json\/wp\/v2\/posts"}],"about":[{"href":"https:\/\/www.camper.is\/nl\/wp-json\/wp\/v2\/types\/post"}],"author":[{"embeddable":true,"href":"https:\/\/www.camper.is\/nl\/wp-json\/wp\/v2\/users\/3"}],"replies":[{"embeddable":true,"href":"https:\/\/www.camper.is\/nl\/wp-json\/wp\/v2\/comments?post=72146"}],"version-history":[{"count":1,"href":"https:\/\/www.camper.is\/nl\/wp-json\/wp\/v2\/posts\/72146\/revisions"}],"predecessor-version":[{"id":72147,"href":"https:\/\/www.camper.is\/nl\/wp-json\/wp\/v2\/posts\/72146\/revisions\/72147"}],"wp:featuredmedia":[{"embeddable":true,"href":"https:\/\/www.camper.is\/nl\/wp-json\/wp\/v2\/media\/72137"}],"wp:attachment":[{"href":"https:\/\/www.camper.is\/nl\/wp-json\/wp\/v2\/media?parent=72146"}],"wp:term":[{"taxonomy":"category","embeddable":true,"href":"https:\/\/www.camper.is\/nl\/wp-json\/wp\/v2\/categories?post=72146"},{"taxonomy":"post_tag","embeddable":true,"href":"https:\/\/www.camper.is\/nl\/wp-json\/wp\/v2\/tags?post=72146"}],"curies":[{"name":"wp","href":"https:\/\/api.w.org\/{rel}","templated":true}]}}