{"id":59227,"date":"2023-12-27T14:55:17","date_gmt":"2023-12-27T14:55:17","guid":{"rendered":"https:\/\/www.camper.is\/de-vulkaan-is-net-begonnen-live-stream\/"},"modified":"2023-12-27T14:55:17","modified_gmt":"2023-12-27T14:55:17","slug":"de-vulkaan-is-net-begonnen-live-stream","status":"publish","type":"post","link":"https:\/\/www.camper.is\/nl\/de-vulkaan-is-net-begonnen-live-stream\/","title":{"rendered":"De Vulkaan is net begonnen - live stream"},"content":{"rendered":"<h1>Laatste nieuws uit IJsland<\/h1>\n<p>Voor de vierde keer in slechts drie jaar tijd kunnen we de boodschap &#8220;de vulkaan is net weer begonnen&#8221; uitzenden. De krant Morgunbla\u00f0i\u00f0 schreef zojuist het volgende: <em>&#8220;Op het schiereiland Reykjanes is een uitbarsting begonnen, de vierde in drie jaar. Het vuur brak uit ten noorden van Grindav\u00edk, in de buurt van Hagafell en de Sundhn\u00faka kraterreeks.&#8221;<\/em><\/p>\n<h1>Wat gebeurt er bij Camper IJsland<\/h1>\n<p>Op dit moment hebben we geen klanten die rond IJsland reizen. Dat is normaal voor deze tijd van het jaar. We hebben verschillende klanten op onze &#8220;alarmlijst&#8221; die naar IJsland willen zodra de vulkaan begint. De uitbarstingen zijn altijd al een attractie geweest. &#8220;Ik heb me vaak afgevraagd waarom wij mensen naar uitbarstingen toe rennen en er niet van weg gaan&#8221;, was het eerste wat in ons opkwam toen de uitbarsting in 2009 begon die IJsland nog beroemder maakte dan het al was. De naam Eyjafjallaj\u00f6kull ging viral en iedereen in de wereld probeerde de naam te zeggen.<\/p>\n<p>We zijn zoals altijd enthousiast en hopen dat we jullie op de hoogte kunnen houden. Informeer jezelf voordat je naar de actieve vulkaan rent. De IJslanders hebben veel en goede informatie op het web. Uitbarstingen zijn heel gewoon voor ons, maar elke keer is een beetje anders, en het is altijd spannend.<\/p>\n<h1>De naam Sundhn\u00fakag\u00edga<\/h1>\n<p>Zoals gewoonlijk gebruiken wij IJslanders namen die alleen wij kunnen uitspreken. De uitbarsting begon bij Sundhn\u00fakag\u00edga (sund = zwembad of zwemmen, hn\u00fakur = bult, g\u00edgur = krater).  <a href=\"https:\/\/i0.wp.com\/www.camper.is\/wp-content\/uploads\/2023\/12\/location-google-map.png?quality=72&#038;ssl=1\"><img data-recalc-dims=\"1\" loading=\"lazy\" decoding=\"async\" class=\"wp-image-59019 aligncenter\" src=\"https:\/\/i0.wp.com\/www.camper.is\/wp-content\/uploads\/2023\/12\/location-google-map.png?resize=463%2C308&#038;quality=72&#038;ssl=1\" alt=\"\" width=\"463\" height=\"308\" title=\"\"><\/a>De berg heet Sundhn\u00fakur en ligt in de buurt van Grindav\u00edk.<\/p>\n<h1>De Aiport is open<\/h1>\n<p>De luchthaven van Keflav\u00edk is in bedrijf en de vulkaanuitbarsting die vannacht begon, zal morgen waarschijnlijk geen invloed hebben op het vliegverkeer. Dit wordt bevestigd door Gu\u00f0j\u00f3n Helgason, de voorlichter van Isavia.<\/p>\n<p>Luchtverkeer werd verboden boven de uitbarstingscentra en het omliggende gebied toen de uitbarsting om elf uur vanavond uitbrak. Er was toen een cirkel met een straal van 60 zeemijl rond de uitbarstingscentra toen de uitbarsting begon.<\/p>\n<p>Volgens Gu\u00f0j\u00f3n kon het vliegverbod worden opgeheven zodra er een asverwachting was van het IJslandse Meteorologische Bureau. Het gebeurde eerder vanavond en twee vliegtuigen, die stand-by stonden vanwege de uitbarsting, zijn op het veld geland.<\/p>\n<h1>Meer technische informatie over de uitbarsting<\/h1>\n<p>De kloof die openging bij de Sundhn\u00faka kraterreeks ligt nu op ongeveer twee kilometer van Grindav\u00edk en groeit snel. Het is niet uitgesloten dat het zich verder uitbreidt naar het zuidwesten, maar wetenschappers weten niet precies wat de voortgang in de komende uren zal zijn.<\/p>\n<p><a href=\"https:\/\/i0.wp.com\/www.camper.is\/wp-content\/uploads\/2023\/12\/volcano-2023th3.jpeg?quality=80&#038;ssl=1\"><img data-recalc-dims=\"1\" loading=\"lazy\" decoding=\"async\" class=\"alignnone size-full wp-image-59086\" src=\"https:\/\/i0.wp.com\/www.camper.is\/wp-content\/uploads\/2023\/12\/volcano-2023th3.jpeg?resize=1080%2C720&#038;quality=80&#038;ssl=1\" alt=\"\" width=\"1080\" height=\"720\" title=\"\" srcset=\"https:\/\/www.camper.is\/wp-content\/uploads\/2023\/12\/volcano-2023th3.jpeg 1640w, https:\/\/www.camper.is\/wp-content\/uploads\/2023\/12\/volcano-2023th3-1280x854.jpeg 1280w, https:\/\/www.camper.is\/wp-content\/uploads\/2023\/12\/volcano-2023th3-980x654.jpeg 980w, https:\/\/www.camper.is\/wp-content\/uploads\/2023\/12\/volcano-2023th3-480x320.jpeg 480w\" sizes=\"(min-width: 0px) and (max-width: 480px) 480px, (min-width: 481px) and (max-width: 980px) 980px, (min-width: 981px) and (max-width: 1280px) 1280px, (min-width: 1281px) 1640px, 100vw\" \/><\/a>Dit zegt Benedikt Gunnar \u00d3feigsson, hoofd deformatiemetingen bij de IJslandse Meteorologische Dienst, in een interview met mbl.is.<\/p>\n<p>&#8220;Het [the crack] is tenminste nog onderweg. Het is nu niet te zeggen wanneer het zal stoppen met verlengen,&#8221; zegt Benedikt.<\/p>\n<p>De lava stroomt momenteel naar het noorden en oosten, maar volgens Benedikts is het nog niet begonnen naar het zuiden te stromen. De situatie verandert echter snel.<\/p>\n<h2>Kwam midden in de aardbeving naar boven<br \/>\nDe scheur is minstens vier keer zo lang als bij de uitbarsting in Litla-Hr\u00fat in juli.<\/h2>\n<p>Benedikt zegt dat dit een veel krachtiger begin is dan bij eerdere vulkaanuitbarstingen op het schiereiland Reykjanes in de afgelopen jaren.<\/p>\n<p>&#8220;Het feit dat de uitbarsting plaatsvindt onder de sterke aardbeving geeft aan dat er veel spanning is in het gebied, die nooit eerder is wegge\u00ebbd.&#8221; Het geeft aan dat er veel druk is in het gebied,&#8221; zegt Benedikt.<\/p>\n<p>Er werden ongeveer anderhalf uur lang bevingen geregistreerd voordat een uitbarsting werd bevestigd.<\/p>\n<p>Hij zegt dat het op dit moment moeilijk is om de lavastroom te meten, maar hij wordt geschat op 100 tot 200 kubieke meter per seconde.<\/p>\n<p>&nbsp;<\/p>\n<p><a href=\"https:\/\/i0.wp.com\/www.camper.is\/wp-content\/uploads\/2023\/12\/volcano-2023-december.jpeg?quality=80&#038;ssl=1\"><img data-recalc-dims=\"1\" loading=\"lazy\" decoding=\"async\" class=\"alignnone size-full wp-image-58939\" src=\"https:\/\/i0.wp.com\/www.camper.is\/wp-content\/uploads\/2023\/12\/volcano-2023-december.jpeg?resize=1080%2C645&#038;quality=80&#038;ssl=1\" alt=\"\" width=\"1080\" height=\"645\" title=\"\" srcset=\"https:\/\/www.camper.is\/wp-content\/uploads\/2023\/12\/volcano-2023-december.jpeg 1340w, https:\/\/www.camper.is\/wp-content\/uploads\/2023\/12\/volcano-2023-december-1280x764.jpeg 1280w, https:\/\/www.camper.is\/wp-content\/uploads\/2023\/12\/volcano-2023-december-980x585.jpeg 980w, https:\/\/www.camper.is\/wp-content\/uploads\/2023\/12\/volcano-2023-december-480x287.jpeg 480w\" sizes=\"(min-width: 0px) and (max-width: 480px) 480px, (min-width: 481px) and (max-width: 980px) 980px, (min-width: 981px) and (max-width: 1280px) 1280px, (min-width: 1281px) 1340px, 100vw\" \/><\/a><\/p>\n<p>&nbsp;<\/p>\n<p><span class=\"embed-youtube\" style=\"text-align:center; display: block;\"><iframe loading=\"lazy\" class=\"youtube-player\" width=\"1080\" height=\"608\" src=\"https:\/\/www.youtube.com\/embed\/hvcP4kVVOnk?version=3&#038;rel=1&#038;showsearch=0&#038;showinfo=1&#038;iv_load_policy=1&#038;fs=1&#038;hl=nl-NL&#038;autohide=2&#038;wmode=transparent\" allowfullscreen=\"true\" style=\"border:0;\" sandbox=\"allow-scripts allow-same-origin allow-popups allow-presentation allow-popups-to-escape-sandbox\"><\/iframe><\/span><\/p>\n<p><span class=\"embed-youtube\" style=\"text-align:center; display: block;\"><iframe loading=\"lazy\" class=\"youtube-player\" width=\"1080\" height=\"608\" src=\"https:\/\/www.youtube.com\/embed\/BerZJunvSik?version=3&#038;rel=1&#038;showsearch=0&#038;showinfo=1&#038;iv_load_policy=1&#038;fs=1&#038;hl=nl-NL&#038;autohide=2&#038;wmode=transparent\" allowfullscreen=\"true\" style=\"border:0;\" sandbox=\"allow-scripts allow-same-origin allow-popups allow-presentation allow-popups-to-escape-sandbox\"><\/iframe><\/span><\/p>\n<p><span class=\"embed-youtube\" style=\"text-align:center; display: block;\"><iframe loading=\"lazy\" class=\"youtube-player\" width=\"1080\" height=\"608\" src=\"https:\/\/www.youtube.com\/embed\/P1e_MWJ1nQc?version=3&#038;rel=1&#038;showsearch=0&#038;showinfo=1&#038;iv_load_policy=1&#038;fs=1&#038;hl=nl-NL&#038;autohide=2&#038;wmode=transparent\" allowfullscreen=\"true\" style=\"border:0;\" sandbox=\"allow-scripts allow-same-origin allow-popups allow-presentation allow-popups-to-escape-sandbox\"><\/iframe><\/span><\/p>\n","protected":false},"excerpt":{"rendered":"<p>Laatste nieuws uit IJsland Voor de vierde keer in slechts drie jaar tijd kunnen we de boodschap &#8220;de vulkaan is net weer begonnen&#8221; uitzenden. De krant Morgunbla\u00f0i\u00f0 schreef zojuist het volgende: &#8220;Op het schiereiland Reykjanes is een uitbarsting begonnen, de vierde in drie jaar. Het vuur brak uit ten noorden van Grindav\u00edk, in de buurt [&hellip;]<\/p>\n","protected":false},"author":1,"featured_media":0,"comment_status":"open","ping_status":"open","sticky":false,"template":"","format":"standard","meta":{"_acf_changed":false,"jetpack_post_was_ever_published":false,"_jetpack_newsletter_access":"","_jetpack_dont_email_post_to_subs":false,"_jetpack_newsletter_tier_id":0,"_jetpack_memberships_contains_paywalled_content":false,"_jetpack_memberships_contains_paid_content":false,"footnotes":""},"categories":[290],"tags":[],"class_list":["post-59227","post","type-post","status-publish","format-standard","hentry","category-vulkaan"],"acf":[],"jetpack_featured_media_url":"","jetpack_sharing_enabled":true,"jetpack_shortlink":"https:\/\/wp.me\/p569lP-fph","jetpack-related-posts":[{"id":54016,"url":"https:\/\/www.camper.is\/nl\/vulkaan-is-terug-ijsland\/","url_meta":{"origin":59227,"position":0},"title":"Vulkaan is terug - IJsland","author":"admin","date":"3 augustus 2022","format":false,"excerpt":"Beste vrienden van Camper Iceland De Vulkaan is weer online! We hebben verschillende klanten beloofd onmiddellijk te informeren als de vulkaan weer zou uitbarsten. Hoor dit nu eens! Hoor dit nu eens! Het is terug in zijn oude glorie. Sommigen zeggen dat deze uitbarsting anders is dan de vorige. Er\u2026","rel":"","context":"In &quot;Vulkaan&quot;","block_context":{"text":"Vulkaan","link":"https:\/\/www.camper.is\/nl\/nieuws-product-updates\/vulkaan\/"},"img":{"alt_text":"","src":"https:\/\/i0.wp.com\/www.camper.is\/wp-content\/uploads\/2022\/08\/DSC04733-scaled.jpg?fit=1200%2C802&quality=80&ssl=1&resize=350%2C200","width":350,"height":200,"srcset":"https:\/\/i0.wp.com\/www.camper.is\/wp-content\/uploads\/2022\/08\/DSC04733-scaled.jpg?fit=1200%2C802&quality=80&ssl=1&resize=350%2C200 1x, https:\/\/i0.wp.com\/www.camper.is\/wp-content\/uploads\/2022\/08\/DSC04733-scaled.jpg?fit=1200%2C802&quality=80&ssl=1&resize=525%2C300 1.5x, https:\/\/i0.wp.com\/www.camper.is\/wp-content\/uploads\/2022\/08\/DSC04733-scaled.jpg?fit=1200%2C802&quality=80&ssl=1&resize=700%2C400 2x, https:\/\/i0.wp.com\/www.camper.is\/wp-content\/uploads\/2022\/08\/DSC04733-scaled.jpg?fit=1200%2C802&quality=80&ssl=1&resize=1050%2C600 3x"},"classes":[]},{"id":57321,"url":"https:\/\/www.camper.is\/nl\/we-zijn-opgewonden-vulkaanuitbarsting-net-begonnen\/","url_meta":{"origin":59227,"position":1},"title":"We zijn opgewonden: Vulkaanuitbarsting net begonnen","author":"admin","date":"10 juli 2023","format":false,"excerpt":"We zijn enthousiast en sturen foto's zodra we meer weten. Dit kwam net binnen en we weten niet hoe de vulkaan eruitziet en hoe dicht toeristen erbij kunnen komen. Volg onze Facebookpagina of webpagina voor meer informatie. De foto is van de laatste vulkaan op dezelfde plek. Op het schiereiland\u2026","rel":"","context":"In &quot;Vulkaan&quot;","block_context":{"text":"Vulkaan","link":"https:\/\/www.camper.is\/nl\/nieuws-product-updates\/vulkaan\/"},"img":{"alt_text":"","src":"https:\/\/i0.wp.com\/www.camper.is\/wp-content\/uploads\/2021\/07\/263EDF75-05EF-40F5-B56D-8DCF9DDB644D.jpeg?fit=1200%2C900&quality=80&ssl=1&resize=350%2C200","width":350,"height":200,"srcset":"https:\/\/i0.wp.com\/www.camper.is\/wp-content\/uploads\/2021\/07\/263EDF75-05EF-40F5-B56D-8DCF9DDB644D.jpeg?fit=1200%2C900&quality=80&ssl=1&resize=350%2C200 1x, https:\/\/i0.wp.com\/www.camper.is\/wp-content\/uploads\/2021\/07\/263EDF75-05EF-40F5-B56D-8DCF9DDB644D.jpeg?fit=1200%2C900&quality=80&ssl=1&resize=525%2C300 1.5x, https:\/\/i0.wp.com\/www.camper.is\/wp-content\/uploads\/2021\/07\/263EDF75-05EF-40F5-B56D-8DCF9DDB644D.jpeg?fit=1200%2C900&quality=80&ssl=1&resize=700%2C400 2x, https:\/\/i0.wp.com\/www.camper.is\/wp-content\/uploads\/2021\/07\/263EDF75-05EF-40F5-B56D-8DCF9DDB644D.jpeg?fit=1200%2C900&quality=80&ssl=1&resize=1050%2C600 3x"},"classes":[]},{"id":75014,"url":"https:\/\/www.camper.is\/nl\/het-schiereiland-reykjanes-is-een-geologisch-wonderland\/","url_meta":{"origin":59227,"position":2},"title":"Het schiereiland Reykjanes is een geologisch wonderland","author":"Marion Johnson","date":"26 maart 2026","format":false,"excerpt":"Het IJslandse schiereiland Reykjanes biedt een fascinerend kijkje in het binnenste van de aarde. Deze regio is een geologisch wonderland waar de Noord-Amerikaanse en Euraziatische tektonische platen uit elkaar trekken en een dynamisch landschap vol vulkanische activiteit, warmwaterbronnen en ruige lavavelden - oude en nieuwe - cre\u00ebren. Terwijl deze platen\u2026","rel":"","context":"In &quot;Vulkaan&quot;","block_context":{"text":"Vulkaan","link":"https:\/\/www.camper.is\/nl\/nieuws-product-updates\/vulkaan\/"},"img":{"alt_text":"","src":"https:\/\/i0.wp.com\/www.camper.is\/wp-content\/uploads\/2021\/06\/gos.jpg?fit=1200%2C800&quality=80&ssl=1&resize=350%2C200","width":350,"height":200,"srcset":"https:\/\/i0.wp.com\/www.camper.is\/wp-content\/uploads\/2021\/06\/gos.jpg?fit=1200%2C800&quality=80&ssl=1&resize=350%2C200 1x, https:\/\/i0.wp.com\/www.camper.is\/wp-content\/uploads\/2021\/06\/gos.jpg?fit=1200%2C800&quality=80&ssl=1&resize=525%2C300 1.5x, https:\/\/i0.wp.com\/www.camper.is\/wp-content\/uploads\/2021\/06\/gos.jpg?fit=1200%2C800&quality=80&ssl=1&resize=700%2C400 2x, https:\/\/i0.wp.com\/www.camper.is\/wp-content\/uploads\/2021\/06\/gos.jpg?fit=1200%2C800&quality=80&ssl=1&resize=1050%2C600 3x"},"classes":[]},{"id":57724,"url":"https:\/\/www.camper.is\/nl\/het-nieuwe-wandelpad-d-is-nu-open\/","url_meta":{"origin":59227,"position":3},"title":"Het nieuwe wandelpad (D) is nu open","author":"admin","date":"14 juli 2023","format":false,"excerpt":"Bij de Litli Hr\u00fatur op het schiereiland Reykjanes is gisteren om 16.40 uur (10.07.2023) een uitbarsting begonnen. Autoriteiten sloten het gebied tot vandaag af vanwege gasvervuiling. De uitbarstingsplaats is vanuit het zuiden (wegnr. 427) Su\u00f0urstrandarvegur geopend. Niet uit het noorden of van Mt. Keilir. Bezoekers wordt aangeraden om het nieuwe\u2026","rel":"","context":"In &quot;Vulkaan&quot;","block_context":{"text":"Vulkaan","link":"https:\/\/www.camper.is\/nl\/nieuws-product-updates\/vulkaan\/"},"img":{"alt_text":"","src":"https:\/\/i0.wp.com\/www.camper.is\/wp-content\/uploads\/2023\/07\/IMG_0200.jpeg?fit=992%2C743&quality=80&ssl=1&resize=350%2C200","width":350,"height":200,"srcset":"https:\/\/i0.wp.com\/www.camper.is\/wp-content\/uploads\/2023\/07\/IMG_0200.jpeg?fit=992%2C743&quality=80&ssl=1&resize=350%2C200 1x, https:\/\/i0.wp.com\/www.camper.is\/wp-content\/uploads\/2023\/07\/IMG_0200.jpeg?fit=992%2C743&quality=80&ssl=1&resize=525%2C300 1.5x, https:\/\/i0.wp.com\/www.camper.is\/wp-content\/uploads\/2023\/07\/IMG_0200.jpeg?fit=992%2C743&quality=80&ssl=1&resize=700%2C400 2x"},"classes":[]},{"id":69318,"url":"https:\/\/www.camper.is\/nl\/ontdek-de-natuurlijke-wonderen-van-ijsland-met-onze-speciale-voorjaarsaanbiedingen-bezoek-het-prachtige-ijsland-in-mei-of-juni-2025\/","url_meta":{"origin":59227,"position":4},"title":"Ontdek de natuurlijke wonderen van IJsland met onze speciale voorjaarsaanbiedingen - bezoek het prachtige IJsland in mei of juni 2025","author":"Marion Johnson","date":"2 februari 2025","format":false,"excerpt":"Beste IJslandliefhebbers, Droom je al van je volgende avontuur? Als je op zoek bent naar een onvergetelijke ervaring omringd door de meest adembenemende spektakels van de natuur, dan is IJsland de perfecte bestemming voor jou. Stel je voor dat je wakker wordt met het geluid van tsjilpende vogels en de\u2026","rel":"","context":"In &quot;Nieuws &amp; product updates&quot;","block_context":{"text":"Nieuws &amp; product updates","link":"https:\/\/www.camper.is\/nl\/nieuws-product-updates\/"},"img":{"alt_text":"","src":"https:\/\/i0.wp.com\/www.camper.is\/wp-content\/uploads\/2025\/02\/1000022334.jpeg?fit=640%2C296&quality=80&ssl=1&resize=350%2C200","width":350,"height":200,"srcset":"https:\/\/i0.wp.com\/www.camper.is\/wp-content\/uploads\/2025\/02\/1000022334.jpeg?fit=640%2C296&quality=80&ssl=1&resize=350%2C200 1x, https:\/\/i0.wp.com\/www.camper.is\/wp-content\/uploads\/2025\/02\/1000022334.jpeg?fit=640%2C296&quality=80&ssl=1&resize=525%2C300 1.5x"},"classes":[]},{"id":57665,"url":"https:\/\/www.camper.is\/nl\/vulkaan-bijwerken\/","url_meta":{"origin":59227,"position":5},"title":"Vulkaan bijwerken","author":"admin","date":"10 juli 2023","format":false,"excerpt":"Dit is een gloednieuwe foto die enkele minuten geleden is genomen, bron RUV: Foto door ons genomen, vanaf de hoofdweg (Keilir is links, de wolk rechts is de vulkaan): In IJsland lijkt iedereen rustig over de nieuwe vulkaan. Mensen stoppen om foto's te maken van de gaswolk die zichtbaar is\u2026","rel":"","context":"In &quot;Vulkaan&quot;","block_context":{"text":"Vulkaan","link":"https:\/\/www.camper.is\/nl\/nieuws-product-updates\/vulkaan\/"},"img":{"alt_text":"","src":"https:\/\/i0.wp.com\/www.camper.is\/wp-content\/uploads\/2023\/07\/IMG_0199.jpeg?fit=1200%2C580&quality=80&ssl=1&resize=350%2C200","width":350,"height":200,"srcset":"https:\/\/i0.wp.com\/www.camper.is\/wp-content\/uploads\/2023\/07\/IMG_0199.jpeg?fit=1200%2C580&quality=80&ssl=1&resize=350%2C200 1x, https:\/\/i0.wp.com\/www.camper.is\/wp-content\/uploads\/2023\/07\/IMG_0199.jpeg?fit=1200%2C580&quality=80&ssl=1&resize=525%2C300 1.5x, https:\/\/i0.wp.com\/www.camper.is\/wp-content\/uploads\/2023\/07\/IMG_0199.jpeg?fit=1200%2C580&quality=80&ssl=1&resize=700%2C400 2x, https:\/\/i0.wp.com\/www.camper.is\/wp-content\/uploads\/2023\/07\/IMG_0199.jpeg?fit=1200%2C580&quality=80&ssl=1&resize=1050%2C600 3x"},"classes":[]}],"_links":{"self":[{"href":"https:\/\/www.camper.is\/nl\/wp-json\/wp\/v2\/posts\/59227","targetHints":{"allow":["GET"]}}],"collection":[{"href":"https:\/\/www.camper.is\/nl\/wp-json\/wp\/v2\/posts"}],"about":[{"href":"https:\/\/www.camper.is\/nl\/wp-json\/wp\/v2\/types\/post"}],"author":[{"embeddable":true,"href":"https:\/\/www.camper.is\/nl\/wp-json\/wp\/v2\/users\/1"}],"replies":[{"embeddable":true,"href":"https:\/\/www.camper.is\/nl\/wp-json\/wp\/v2\/comments?post=59227"}],"version-history":[{"count":0,"href":"https:\/\/www.camper.is\/nl\/wp-json\/wp\/v2\/posts\/59227\/revisions"}],"wp:attachment":[{"href":"https:\/\/www.camper.is\/nl\/wp-json\/wp\/v2\/media?parent=59227"}],"wp:term":[{"taxonomy":"category","embeddable":true,"href":"https:\/\/www.camper.is\/nl\/wp-json\/wp\/v2\/categories?post=59227"},{"taxonomy":"post_tag","embeddable":true,"href":"https:\/\/www.camper.is\/nl\/wp-json\/wp\/v2\/tags?post=59227"}],"curies":[{"name":"wp","href":"https:\/\/api.w.org\/{rel}","templated":true}]}}