{"id":54016,"date":"2022-08-03T14:29:11","date_gmt":"2022-08-03T14:29:11","guid":{"rendered":"https:\/\/www.camper.is\/vulkaan-is-terug-ijsland\/"},"modified":"2022-08-03T14:29:11","modified_gmt":"2022-08-03T14:29:11","slug":"vulkaan-is-terug-ijsland","status":"publish","type":"post","link":"https:\/\/www.camper.is\/nl\/vulkaan-is-terug-ijsland\/","title":{"rendered":"Vulkaan is terug - IJsland"},"content":{"rendered":"<p>Beste vrienden van Camper Iceland<\/p>\n<p>De Vulkaan is weer online! We hebben verschillende klanten beloofd onmiddellijk te informeren als de vulkaan weer zou uitbarsten.  <strong>Hoor dit nu eens! Hoor dit nu eens! Het is terug in zijn oude glorie. Sommigen zeggen dat deze uitbarsting anders is dan de vorige. Er is een uitbarsting begonnen van een doorlopende kloof op het schiereiland Reykjanes. &#8220;Dit is op de plaats waar de uitbarsting naar verwachting zou plaatsvinden,&#8221; zegt P\u00e1ll Einarsson, geofysicus en emeritus hoogleraar.<\/strong><\/p>\n<p>Magma heeft de oppervlakte van de aarde bereikt op het schiereiland Reykjaness, meer bepaald in het westelijke Merad\u00f6lum (Meradalur) - ongeveer 1,5 km ten noorden van St\u00f3ra-Hr\u00fat. Er branden weer aardvuren, voor het eerst sinds september vorig jaar, toen de lava bij Fagradalsfjall ophield te stromen. Bij een eerste inspectie van de webcams lijkt het magma om 13.18 uur aan de oppervlakte te zijn gekomen. Er komt gas uit de vulkaan en de civiele bescherming is ingelicht over de uitbarsting. De voortgang van de zaak wordt gevolgd onder de live-uitzending van de uitbarsting.<\/p>\n<p>Bron: mbl.is<\/p>\n<p><iframe loading=\"lazy\" title=\"YouTube-videospeler\" src=\"https:\/\/www.youtube.com\/embed\/ihTaTv-24aU\" width=\"1020\" height=\"630\" frameborder=\"0\" allowfullscreen=\"allowfullscreen\"><span style=\"display: inline-block; width: 0px; overflow: hidden; line-height: 0;\" data-mce-type=\"bookmark\" class=\"mce_SELRES_start\"><\/span><\/iframe><\/p>\n<p>&nbsp;<\/p>\n","protected":false},"excerpt":{"rendered":"<p>Beste vrienden van Camper Iceland De Vulkaan is weer online! We hebben verschillende klanten beloofd onmiddellijk te informeren als de vulkaan weer zou uitbarsten. Hoor dit nu eens! Hoor dit nu eens! Het is terug in zijn oude glorie. Sommigen zeggen dat deze uitbarsting anders is dan de vorige. Er is een uitbarsting begonnen van [&hellip;]<\/p>\n","protected":false},"author":1,"featured_media":53987,"comment_status":"open","ping_status":"open","sticky":false,"template":"","format":"standard","meta":{"_acf_changed":false,"jetpack_post_was_ever_published":false,"_jetpack_newsletter_access":"","_jetpack_dont_email_post_to_subs":false,"_jetpack_newsletter_tier_id":0,"_jetpack_memberships_contains_paywalled_content":false,"_jetpack_memberships_contains_paid_content":false,"footnotes":""},"categories":[290],"tags":[],"class_list":["post-54016","post","type-post","status-publish","format-standard","has-post-thumbnail","hentry","category-vulkaan"],"acf":[],"jetpack_featured_media_url":"https:\/\/i0.wp.com\/www.camper.is\/wp-content\/uploads\/2022\/08\/DSC04733-scaled.jpg?fit=2560%2C1710&quality=80&ssl=1","jetpack_sharing_enabled":true,"jetpack_shortlink":"https:\/\/wp.me\/p569lP-e3e","jetpack-related-posts":[{"id":59227,"url":"https:\/\/www.camper.is\/nl\/de-vulkaan-is-net-begonnen-live-stream\/","url_meta":{"origin":54016,"position":0},"title":"De Vulkaan is net begonnen - live stream","author":"admin","date":"27 december 2023","format":false,"excerpt":"Laatste nieuws uit IJsland Voor de vierde keer in slechts drie jaar tijd kunnen we de boodschap \"de vulkaan is net weer begonnen\" uitzenden. De krant Morgunbla\u00f0i\u00f0 schreef zojuist het volgende: \"Op het schiereiland Reykjanes is een uitbarsting begonnen, de vierde in drie jaar. Het vuur brak uit ten noorden\u2026","rel":"","context":"In &quot;Vulkaan&quot;","block_context":{"text":"Vulkaan","link":"https:\/\/www.camper.is\/nl\/nieuws-product-updates\/vulkaan\/"},"img":{"alt_text":"","src":"https:\/\/i0.wp.com\/www.camper.is\/wp-content\/uploads\/2023\/12\/location-google-map.png?resize=350%2C200&quality=72&ssl=1","width":350,"height":200},"classes":[]},{"id":57321,"url":"https:\/\/www.camper.is\/nl\/we-zijn-opgewonden-vulkaanuitbarsting-net-begonnen\/","url_meta":{"origin":54016,"position":1},"title":"We zijn opgewonden: Vulkaanuitbarsting net begonnen","author":"admin","date":"10 juli 2023","format":false,"excerpt":"We zijn enthousiast en sturen foto's zodra we meer weten. Dit kwam net binnen en we weten niet hoe de vulkaan eruitziet en hoe dicht toeristen erbij kunnen komen. Volg onze Facebookpagina of webpagina voor meer informatie. De foto is van de laatste vulkaan op dezelfde plek. Op het schiereiland\u2026","rel":"","context":"In &quot;Vulkaan&quot;","block_context":{"text":"Vulkaan","link":"https:\/\/www.camper.is\/nl\/nieuws-product-updates\/vulkaan\/"},"img":{"alt_text":"","src":"https:\/\/i0.wp.com\/www.camper.is\/wp-content\/uploads\/2021\/07\/263EDF75-05EF-40F5-B56D-8DCF9DDB644D.jpeg?fit=1200%2C900&quality=80&ssl=1&resize=350%2C200","width":350,"height":200,"srcset":"https:\/\/i0.wp.com\/www.camper.is\/wp-content\/uploads\/2021\/07\/263EDF75-05EF-40F5-B56D-8DCF9DDB644D.jpeg?fit=1200%2C900&quality=80&ssl=1&resize=350%2C200 1x, https:\/\/i0.wp.com\/www.camper.is\/wp-content\/uploads\/2021\/07\/263EDF75-05EF-40F5-B56D-8DCF9DDB644D.jpeg?fit=1200%2C900&quality=80&ssl=1&resize=525%2C300 1.5x, https:\/\/i0.wp.com\/www.camper.is\/wp-content\/uploads\/2021\/07\/263EDF75-05EF-40F5-B56D-8DCF9DDB644D.jpeg?fit=1200%2C900&quality=80&ssl=1&resize=700%2C400 2x, https:\/\/i0.wp.com\/www.camper.is\/wp-content\/uploads\/2021\/07\/263EDF75-05EF-40F5-B56D-8DCF9DDB644D.jpeg?fit=1200%2C900&quality=80&ssl=1&resize=1050%2C600 3x"},"classes":[]},{"id":57724,"url":"https:\/\/www.camper.is\/nl\/het-nieuwe-wandelpad-d-is-nu-open\/","url_meta":{"origin":54016,"position":2},"title":"Het nieuwe wandelpad (D) is nu open","author":"admin","date":"14 juli 2023","format":false,"excerpt":"Bij de Litli Hr\u00fatur op het schiereiland Reykjanes is gisteren om 16.40 uur (10.07.2023) een uitbarsting begonnen. Autoriteiten sloten het gebied tot vandaag af vanwege gasvervuiling. De uitbarstingsplaats is vanuit het zuiden (wegnr. 427) Su\u00f0urstrandarvegur geopend. Niet uit het noorden of van Mt. Keilir. Bezoekers wordt aangeraden om het nieuwe\u2026","rel":"","context":"In &quot;Vulkaan&quot;","block_context":{"text":"Vulkaan","link":"https:\/\/www.camper.is\/nl\/nieuws-product-updates\/vulkaan\/"},"img":{"alt_text":"","src":"https:\/\/i0.wp.com\/www.camper.is\/wp-content\/uploads\/2023\/07\/IMG_0200.jpeg?fit=992%2C743&quality=80&ssl=1&resize=350%2C200","width":350,"height":200,"srcset":"https:\/\/i0.wp.com\/www.camper.is\/wp-content\/uploads\/2023\/07\/IMG_0200.jpeg?fit=992%2C743&quality=80&ssl=1&resize=350%2C200 1x, https:\/\/i0.wp.com\/www.camper.is\/wp-content\/uploads\/2023\/07\/IMG_0200.jpeg?fit=992%2C743&quality=80&ssl=1&resize=525%2C300 1.5x, https:\/\/i0.wp.com\/www.camper.is\/wp-content\/uploads\/2023\/07\/IMG_0200.jpeg?fit=992%2C743&quality=80&ssl=1&resize=700%2C400 2x"},"classes":[]},{"id":57665,"url":"https:\/\/www.camper.is\/nl\/vulkaan-bijwerken\/","url_meta":{"origin":54016,"position":3},"title":"Vulkaan bijwerken","author":"admin","date":"10 juli 2023","format":false,"excerpt":"Dit is een gloednieuwe foto die enkele minuten geleden is genomen, bron RUV: Foto door ons genomen, vanaf de hoofdweg (Keilir is links, de wolk rechts is de vulkaan): In IJsland lijkt iedereen rustig over de nieuwe vulkaan. Mensen stoppen om foto's te maken van de gaswolk die zichtbaar is\u2026","rel":"","context":"In &quot;Vulkaan&quot;","block_context":{"text":"Vulkaan","link":"https:\/\/www.camper.is\/nl\/nieuws-product-updates\/vulkaan\/"},"img":{"alt_text":"","src":"https:\/\/i0.wp.com\/www.camper.is\/wp-content\/uploads\/2023\/07\/IMG_0199.jpeg?fit=1200%2C580&quality=80&ssl=1&resize=350%2C200","width":350,"height":200,"srcset":"https:\/\/i0.wp.com\/www.camper.is\/wp-content\/uploads\/2023\/07\/IMG_0199.jpeg?fit=1200%2C580&quality=80&ssl=1&resize=350%2C200 1x, https:\/\/i0.wp.com\/www.camper.is\/wp-content\/uploads\/2023\/07\/IMG_0199.jpeg?fit=1200%2C580&quality=80&ssl=1&resize=525%2C300 1.5x, https:\/\/i0.wp.com\/www.camper.is\/wp-content\/uploads\/2023\/07\/IMG_0199.jpeg?fit=1200%2C580&quality=80&ssl=1&resize=700%2C400 2x, https:\/\/i0.wp.com\/www.camper.is\/wp-content\/uploads\/2023\/07\/IMG_0199.jpeg?fit=1200%2C580&quality=80&ssl=1&resize=1050%2C600 3x"},"classes":[]},{"id":56277,"url":"https:\/\/www.camper.is\/nl\/zal-de-vulkaan-terugkeren\/","url_meta":{"origin":54016,"position":4},"title":"Zal de vulkaan terugkeren","author":"admin","date":"6 juli 2023","format":false,"excerpt":"Toeristen controleren het gebied al De aardbevingen begonnen afgelopen dinsdag op het schiereiland Reykjanes. Sindsdien zijn er meer dan drieduizend aardbevingen geregistreerd. Lokaal nieuws meldt dat er een SMS-systeem is ge\u00efnstalleerd om mensen te waarschuwen als er iets gebeurt. Tegelijkertijd laat het lokale nieuws toeristen zien die het gebied controleren\u2026","rel":"","context":"In &quot;Vulkaan&quot;","block_context":{"text":"Vulkaan","link":"https:\/\/www.camper.is\/nl\/nieuws-product-updates\/vulkaan\/"},"img":{"alt_text":"","src":"https:\/\/i0.wp.com\/www.camper.is\/wp-content\/uploads\/2022\/08\/DSC04733-scaled.jpg?fit=1200%2C802&quality=80&ssl=1&resize=350%2C200","width":350,"height":200,"srcset":"https:\/\/i0.wp.com\/www.camper.is\/wp-content\/uploads\/2022\/08\/DSC04733-scaled.jpg?fit=1200%2C802&quality=80&ssl=1&resize=350%2C200 1x, https:\/\/i0.wp.com\/www.camper.is\/wp-content\/uploads\/2022\/08\/DSC04733-scaled.jpg?fit=1200%2C802&quality=80&ssl=1&resize=525%2C300 1.5x, https:\/\/i0.wp.com\/www.camper.is\/wp-content\/uploads\/2022\/08\/DSC04733-scaled.jpg?fit=1200%2C802&quality=80&ssl=1&resize=700%2C400 2x, https:\/\/i0.wp.com\/www.camper.is\/wp-content\/uploads\/2022\/08\/DSC04733-scaled.jpg?fit=1200%2C802&quality=80&ssl=1&resize=1050%2C600 3x"},"classes":[]},{"id":53642,"url":"https:\/\/www.camper.is\/nl\/is-het-ijslandse-hoogland-open\/","url_meta":{"origin":54016,"position":5},"title":"Is het IJslandse hoogland open?","author":"Marion Johnson","date":"7 juni 2022","format":false,"excerpt":"\u00a0 Zowel de wegomstandigheden als de weersvoorspelling moeten meerdere keren per dag worden gecontroleerd, want de voorspelling is zo lang van tevoren niet 100% betrouwbaar - bekijk:\u00a0https:\/\/www.campericeland.is\/en\/information\/actual-road-condition\/ Weer- en wegomstandigheden: Op dit moment niets alarmerends in de weersvoorspelling. De hooglandwegen zijn zoals gewoonlijk allemaal onbegaanbaar en zullen dat tot het\u2026","rel":"","context":"In &quot;Nieuws &amp; product updates&quot;","block_context":{"text":"Nieuws &amp; product updates","link":"https:\/\/www.camper.is\/nl\/nieuws-product-updates\/"},"img":{"alt_text":"","src":"https:\/\/i0.wp.com\/www.camper.is\/wp-content\/uploads\/2017\/05\/NIK0857medium_large.2x.1440349858-300x199.jpg?resize=350%2C200&quality=80&ssl=1","width":350,"height":200},"classes":[]}],"_links":{"self":[{"href":"https:\/\/www.camper.is\/nl\/wp-json\/wp\/v2\/posts\/54016","targetHints":{"allow":["GET"]}}],"collection":[{"href":"https:\/\/www.camper.is\/nl\/wp-json\/wp\/v2\/posts"}],"about":[{"href":"https:\/\/www.camper.is\/nl\/wp-json\/wp\/v2\/types\/post"}],"author":[{"embeddable":true,"href":"https:\/\/www.camper.is\/nl\/wp-json\/wp\/v2\/users\/1"}],"replies":[{"embeddable":true,"href":"https:\/\/www.camper.is\/nl\/wp-json\/wp\/v2\/comments?post=54016"}],"version-history":[{"count":0,"href":"https:\/\/www.camper.is\/nl\/wp-json\/wp\/v2\/posts\/54016\/revisions"}],"wp:featuredmedia":[{"embeddable":true,"href":"https:\/\/www.camper.is\/nl\/wp-json\/wp\/v2\/media\/53987"}],"wp:attachment":[{"href":"https:\/\/www.camper.is\/nl\/wp-json\/wp\/v2\/media?parent=54016"}],"wp:term":[{"taxonomy":"category","embeddable":true,"href":"https:\/\/www.camper.is\/nl\/wp-json\/wp\/v2\/categories?post=54016"},{"taxonomy":"post_tag","embeddable":true,"href":"https:\/\/www.camper.is\/nl\/wp-json\/wp\/v2\/tags?post=54016"}],"curies":[{"name":"wp","href":"https:\/\/api.w.org\/{rel}","templated":true}]}}