{"id":53641,"date":"2022-06-07T15:19:08","date_gmt":"2022-06-07T15:19:08","guid":{"rendered":"https:\/\/www.camper.is\/schnee-im-norden-winterfahrt-moglich-opnieuw-sneeuw\/"},"modified":"2022-06-07T15:19:08","modified_gmt":"2022-06-07T15:19:08","slug":"schnee-im-norden-winterfahrt-moglich-opnieuw-sneeuw","status":"publish","type":"post","link":"https:\/\/www.camper.is\/nl\/schnee-im-norden-winterfahrt-moglich-opnieuw-sneeuw\/","title":{"rendered":"Schnee im Norden - Winterfahrt m\u00f6glich \/ Opnieuw sneeuw"},"content":{"rendered":"<p><img data-recalc-dims=\"1\" loading=\"lazy\" decoding=\"async\" class=\"alignnone size-medium wp-image-36169\" src=\"https:\/\/i0.wp.com\/www.camper.is\/wp-content\/uploads\/2017\/06\/IMG-20161227-WA0001.jpg?resize=225%2C300&#038;quality=80&#038;ssl=1\" alt=\"\" width=\"225\" height=\"300\" title=\"\" srcset=\"https:\/\/i0.wp.com\/www.camper.is\/wp-content\/uploads\/2017\/06\/IMG-20161227-WA0001.jpg?resize=225%2C300&amp;quality=80&amp;ssl=1 225w, https:\/\/i0.wp.com\/www.camper.is\/wp-content\/uploads\/2017\/06\/IMG-20161227-WA0001.jpg?resize=768%2C1024&amp;quality=80&amp;ssl=1 768w, https:\/\/i0.wp.com\/www.camper.is\/wp-content\/uploads\/2017\/06\/IMG-20161227-WA0001.jpg?w=1200&amp;quality=80&amp;ssl=1 1200w\" sizes=\"(max-width: 225px) 100vw, 225px\" \/><\/p>\n<p>&nbsp;<\/p>\n<p>&nbsp;<\/p>\n<p>Er komt sneeuw aan, controleer zorgvuldig de weers- en wegomstandigheden:<\/p>\n<p>&nbsp;<\/p>\n<p><a href=\"https:\/\/www.campericeland.is\/en\/information\/actual-road-condition\/\" target=\"_blank\" rel=\"noopener\">https:\/\/www.campericeland.is\/en\/information\/actual-road-condition\/<\/a><\/p>\n<p>&nbsp;<\/p>\n<p>&nbsp;<\/p>\n<p>Heute Nacht en morgen fr\u00fch soll es im Norden Islands schneien. Die Strassenverwaltung warnt vor winterlichen Strassenverh\u00e4ltnissen vor allem auf den Bergabschnitten der Ringstrasse.<\/p>\n<p>Der Schnee soll ab dem Abend auf einer H\u00f6he von 200 bis 300 Metern gedaald, betroffen davon ist das Nordland und der Nordosten. Auf den Strassen muss mit Schnee and Schneegl\u00e4tte gerechnet werden, im Norden vor allem auf dem \u00dever\u00e1fjall, der \u00d6xnadalshei\u00f0i, dem V\u00edkurskar\u00f0, im Osten sind fagradalur und Oddskar\u00f0 worden getroffen.<\/p>\n<p>Sch\u00f6n jetzt werden glatte Strassen op de M\u00f6\u00f0rudalshei\u00f0i en Schneematsch op de H\u00f3lsandur gemeldet. Von der Hellishei\u00f0i eystri im Osten wird tiefer Schnee (nur f\u00fcr jeeps befahrbar) sowie Schneeverwehungen gemeldet.<\/p>\n<p>Sollten Sie im Osten und Norden unterwegs sein, informieren Sie sich unbedingt \u00fcber die Wettervorhersage&nbsp;<a href=\"https:\/\/www.campericeland.is\/en\/information\/actual-road-condition\/\" target=\"_blank\" rel=\"noopener\">https:\/\/www.campericeland.is\/en\/information\/actual-road-condition\/<\/a> .&nbsp; Op safetravel.is gevonden Sie unter <em>Alerts<\/em> jederzeit aktuelle <a href=\"http:\/\/safetravel.is\/\" rel=\"nofollow noopener\" target=\"_blank\">Warnmeldungen<\/a> . Alle diensten voor gratis apps voor smartphones.<\/p>\n<p>Beachten Sie, dass das Wetter in Island einen jederzeit, auch im Sommer, dazu zwingen kann, Pl\u00e4ne zu verschieben oder zu \u00e4ndern.<\/p>\n","protected":false},"excerpt":{"rendered":"<p>&nbsp; &nbsp; Er komt sneeuw aan, controleer zorgvuldig de weers- en wegomstandigheden: &nbsp; https:\/\/www.campericeland.is\/en\/information\/actual-road-condition\/ &nbsp; &nbsp; Heute Nacht en morgen fr\u00fch soll es im Norden Islands schneien. Die Strassenverwaltung warnt vor winterlichen Strassenverh\u00e4ltnissen vor allem auf den Bergabschnitten der Ringstrasse. Der Schnee soll ab dem Abend auf einer H\u00f6he von 200 bis 300 Metern gedaald, [&hellip;]<\/p>\n","protected":false},"author":3,"featured_media":0,"comment_status":"closed","ping_status":"closed","sticky":false,"template":"","format":"standard","meta":{"_acf_changed":false,"jetpack_post_was_ever_published":false,"_jetpack_newsletter_access":"","_jetpack_dont_email_post_to_subs":false,"_jetpack_newsletter_tier_id":0,"_jetpack_memberships_contains_paywalled_content":false,"_jetpack_memberships_contains_paid_content":false,"footnotes":""},"categories":[228],"tags":[],"class_list":["post-53641","post","type-post","status-publish","format-standard","hentry","category-nieuws-product-updates"],"acf":[],"jetpack_featured_media_url":"","jetpack_sharing_enabled":true,"jetpack_shortlink":"https:\/\/wp.me\/p569lP-dXb","jetpack-related-posts":[{"id":3342,"url":"https:\/\/www.camper.is\/schnee-im-norden-winterfahrt-moglich-snow-again\/","url_meta":{"origin":53641,"position":0},"title":"Schnee im Norden - Winterfahrt m\u00f6glich \/ Snow again","author":"Marion Johnson","date":"7 juni 2017","format":false,"excerpt":"\u00a0 \u00a0 Snow is coming, pleasc check carefully the weather and road conditions: \u00a0 https:\/\/www.campericeland.is\/en\/information\/actual-road-condition\/ \u00a0 \u00a0 Heute Nacht und morgen fr\u00fch soll es im Norden Islands schneien. Die Strassenverwaltung warnt vor winterlichen Strassenverh\u00e4ltnissen vor allem auf den Bergabschnitten der Ringstrasse. Der Schnee soll ab dem Abend auf einer H\u00f6he\u2026","rel":"","context":"In &quot;News &amp; Travel Blog&quot;","block_context":{"text":"News &amp; Travel Blog","link":"https:\/\/www.camper.is\/iceland-camper-travel-blog\/"},"img":{"alt_text":"","src":"https:\/\/i0.wp.com\/www.camper.is\/wp-content\/uploads\/2017\/06\/IMG-20161227-WA0001.jpg?fit=900%2C1200&quality=80&ssl=1&resize=350%2C200","width":350,"height":200,"srcset":"https:\/\/i0.wp.com\/www.camper.is\/wp-content\/uploads\/2017\/06\/IMG-20161227-WA0001.jpg?fit=900%2C1200&quality=80&ssl=1&resize=350%2C200 1x, https:\/\/i0.wp.com\/www.camper.is\/wp-content\/uploads\/2017\/06\/IMG-20161227-WA0001.jpg?fit=900%2C1200&quality=80&ssl=1&resize=525%2C300 1.5x, https:\/\/i0.wp.com\/www.camper.is\/wp-content\/uploads\/2017\/06\/IMG-20161227-WA0001.jpg?fit=900%2C1200&quality=80&ssl=1&resize=700%2C400 2x"},"classes":[]},{"id":53663,"url":"https:\/\/www.camper.is\/de\/schnee-im-norden-winterfahrt-moeglich-snow-again\/","url_meta":{"origin":53641,"position":1},"title":"Schnee im Norden - Winterfahrt m\u00f6glich \/ Snow again","author":"Marion Johnson","date":"7 juni 2022","format":false,"excerpt":"\u00a0 \u00a0 Es schneit, bitte \u00fcberpr\u00fcfen Sie sorgf\u00e4ltig die Wetter- und Stra\u00dfenbedingungen: \u00a0 https:\/\/www.campericeland.is\/en\/information\/actual-road-condition\/ \u00a0 \u00a0 Heute Nacht und morgen fr\u00fch soll es im Norden Islands schneien. Die Stra\u00dfenverwaltung warnt vor winterlichen Stra\u00dfenverh\u00e4ltnissen vor allem auf den Bergabschnitten der Ringstra\u00dfe. Der Schnee soll ab dem Abend auf einer H\u00f6he von\u2026","rel":"","context":"In &quot;News &amp; Produkt-Updates&quot;","block_context":{"text":"News &amp; Produkt-Updates","link":"https:\/\/www.camper.is\/de\/news-produkt-updates\/"},"img":{"alt_text":"","src":"https:\/\/i0.wp.com\/www.camper.is\/wp-content\/uploads\/2017\/06\/IMG-20161227-WA0001-225x300.jpg?resize=350%2C200&quality=80&ssl=1","width":350,"height":200},"classes":[]},{"id":53631,"url":"https:\/\/www.camper.is\/fr\/schnee-im-norden-winterfahrt-moglich-encore-de-la-neige\/","url_meta":{"origin":53641,"position":2},"title":"Schnee im Norden - Winterfahrt m\u00f6glich \/ Encore de la neige","author":"Marion Johnson","date":"7 juni 2022","format":false,"excerpt":"\u00a0 \u00a0 La neige arrive, veuillez v\u00e9rifier attentivement les conditions m\u00e9t\u00e9orologiques et routi\u00e8res\u00a0: \u00a0 https:\/\/www.campericeland.is\/en\/information\/actual-road-condition\/ \u00a0 \u00a0 Heute Nacht und morgen fr\u00fch soll es im Norden Islands schneien. Die Strassenverwaltung warnt vor winterlichen Strassenverh\u00e4ltnissen vor allem auf den Bergabschnitten der Ringstrasse. Der Schnee soll ab dem Abend auf einer H\u00f6he\u2026","rel":"","context":"In &quot;Actualit\u00e9s et mises \u00e0 jour des produits&quot;","block_context":{"text":"Actualit\u00e9s et mises \u00e0 jour des produits","link":"https:\/\/www.camper.is\/fr\/actualites-et-mises-a-jour-des-produits\/"},"img":{"alt_text":"","src":"https:\/\/i0.wp.com\/www.camper.is\/wp-content\/uploads\/2017\/06\/IMG-20161227-WA0001-225x300.jpg?resize=350%2C200&quality=80&ssl=1","width":350,"height":200},"classes":[]},{"id":53621,"url":"https:\/\/www.camper.is\/es\/schnee-im-norden-winterfahrt-moglich-nieve-otra-vez\/","url_meta":{"origin":53641,"position":3},"title":"Schnee im Norden - Winterfahrt m\u00f6glich \/ Nieve otra vez","author":"Marion Johnson","date":"7 juni 2022","format":false,"excerpt":"\u00a0 \u00a0 Se acerca la nieve, por favor revise cuidadosamente el clima y las condiciones de la carretera: \u00a0 https:\/\/www.campericeland.is\/en\/information\/actual-road-condition\/ \u00a0 \u00a0 Heute Nacht und morgen fr\u00fch soll es im Norden Islands schneien. Die Strassenverwaltung warnt vor winterlichen Strassenverh\u00e4ltnissen vor allem auf den Bergabschnitten der Ringstrasse. Der Schnee soll ab\u2026","rel":"","context":"In &quot;Noticias y Actualizaciones de Productos&quot;","block_context":{"text":"Noticias y Actualizaciones de Productos","link":"https:\/\/www.camper.is\/es\/noticias-y-actualizaciones-de-productos\/"},"img":{"alt_text":"","src":"https:\/\/i0.wp.com\/www.camper.is\/wp-content\/uploads\/2017\/06\/IMG-20161227-WA0001-225x300.jpg?resize=350%2C200&quality=80&ssl=1","width":350,"height":200},"classes":[]},{"id":53651,"url":"https:\/\/www.camper.is\/zh-hans\/schnee-im-norden-winterfahrt-moglich-%e5%86%8d%e6%ac%a1%e4%b8%8b%e9%9b%aa\/","url_meta":{"origin":53641,"position":4},"title":"Schnee im Norden - Winterfahrt m\u00f6glich \/ \u518d\u6b21\u4e0b\u96ea","author":"Marion Johnson","date":"7 juni 2022","format":false,"excerpt":"\u00a0 \u00a0 \u4e0b\u96ea\u4e86\uff0c\u8bf7\u4ed4\u7ec6\u67e5\u770b\u5929\u6c14\u548c\u8def\u51b5\uff1a \u00a0 https:\/\/www.campericeland.is\/en\/information\/actual-road-condition\/ \u00a0 \u00a0 Heute Nacht und morgen fr\u00fch soll es im Norden Islands schneien\u3002 Die Strassenverwaltung warnt vor winterlichen Strassenverh\u00e4ltnissen vor allem auf den Bergabschnitten der Ringstrasse\u3002 Der Schnee soll ab dem Abend auf einer H\u00f6he von 200 bis 300 Metern fall, betroffen davon ist das\u2026","rel":"","context":"In &quot;\u65b0\u95fb\u548c\u4ea7\u54c1\u66f4\u65b0&quot;","block_context":{"text":"\u65b0\u95fb\u548c\u4ea7\u54c1\u66f4\u65b0","link":"https:\/\/www.camper.is\/zh-hans\/%e6%96%b0%e9%97%bb%e5%92%8c%e4%ba%a7%e5%93%81%e6%9b%b4%e6%96%b0\/"},"img":{"alt_text":"","src":"https:\/\/i0.wp.com\/www.camper.is\/wp-content\/uploads\/2017\/06\/IMG-20161227-WA0001-225x300.jpg?resize=350%2C200&quality=80&ssl=1","width":350,"height":200},"classes":[]},{"id":75064,"url":"https:\/\/www.camper.is\/de\/wettervorhersage-und-strassenzustand-fuer-island\/","url_meta":{"origin":53641,"position":5},"title":"Wettervorhersage und Stra\u00dfenzustand f\u00fcr Island","author":"admin","date":"26 maart 2026","format":false,"excerpt":"Das Wetter: F\u00fcr den morgigen Donnerstag wird im Norden und Osten Islands starker Wind mit Regen vorhergesagt. Kalte Winde aus dem Norden wehen in ganz Island, so dass in allen Regionen mit starken Windb\u00f6en in den Bergen gerechnet werden muss. Fahrzeuge, die viel Wind abbekommen, wie Wohnmobile oder Autos mit\u2026","rel":"","context":"In &quot;News &amp; Produkt-Updates&quot;","block_context":{"text":"News &amp; Produkt-Updates","link":"https:\/\/www.camper.is\/de\/news-produkt-updates\/"},"img":{"alt_text":"","src":"","width":0,"height":0},"classes":[]}],"_links":{"self":[{"href":"https:\/\/www.camper.is\/nl\/wp-json\/wp\/v2\/posts\/53641","targetHints":{"allow":["GET"]}}],"collection":[{"href":"https:\/\/www.camper.is\/nl\/wp-json\/wp\/v2\/posts"}],"about":[{"href":"https:\/\/www.camper.is\/nl\/wp-json\/wp\/v2\/types\/post"}],"author":[{"embeddable":true,"href":"https:\/\/www.camper.is\/nl\/wp-json\/wp\/v2\/users\/3"}],"replies":[{"embeddable":true,"href":"https:\/\/www.camper.is\/nl\/wp-json\/wp\/v2\/comments?post=53641"}],"version-history":[{"count":0,"href":"https:\/\/www.camper.is\/nl\/wp-json\/wp\/v2\/posts\/53641\/revisions"}],"wp:attachment":[{"href":"https:\/\/www.camper.is\/nl\/wp-json\/wp\/v2\/media?parent=53641"}],"wp:term":[{"taxonomy":"category","embeddable":true,"href":"https:\/\/www.camper.is\/nl\/wp-json\/wp\/v2\/categories?post=53641"},{"taxonomy":"post_tag","embeddable":true,"href":"https:\/\/www.camper.is\/nl\/wp-json\/wp\/v2\/tags?post=53641"}],"curies":[{"name":"wp","href":"https:\/\/api.w.org\/{rel}","templated":true}]}}