{"id":76305,"date":"2026-05-03T06:47:19","date_gmt":"2026-05-03T06:47:19","guid":{"rendered":"https:\/\/www.camper.is\/echapper-a-la-roue-du-hamster-un-voyage-suisse-islandais-vers-la-liberte\/"},"modified":"2026-05-03T06:47:39","modified_gmt":"2026-05-03T06:47:39","slug":"echapper-a-la-roue-du-hamster-un-voyage-suisse-islandais-vers-la-liberte","status":"publish","type":"post","link":"https:\/\/www.camper.is\/fr\/echapper-a-la-roue-du-hamster-un-voyage-suisse-islandais-vers-la-liberte\/","title":{"rendered":"\u00c9chapper \u00e0 la \u00ab\u00a0roue du hamster\u00a0\u00bb : Un voyage suisse-islandais vers la libert\u00e9"},"content":{"rendered":"\n<p><strong>Vous ressentez le poids du quotidien ?<\/strong>  La course constante, le trafic et le bruit num\u00e9rique de la vie moderne peuvent nous faire sentir d\u00e9connect\u00e9s. Chez <strong>camper.is<\/strong>, nous avons d\u00e9cid\u00e9 de faire quelque chose pour y rem\u00e9dier. En tant qu'entreprise familiale ayant des racines profondes en <strong>Suisse et en Islande<\/strong>, nous nous sommes lanc\u00e9s dans un voyage d'introspection \u00e0 travers l'Atlantique Nord pour red\u00e9couvrir ce que signifie vraiment \"l\u00e2cher prise\".  <\/p>\n\n<p><strong>Des Alpes suisses aux fjords islandais<\/strong> Nous avons \u00e9chang\u00e9 les titres des journaux contre des applications m\u00e9t\u00e9orologiques et le trafic urbain contre les pistes des Highlands. Nous avons test\u00e9 le pouvoir psychologique des vastes paysages islandais, apprenant comment le silence d'un fjord et la chaleur d'un \"Hot Pot\" local peuvent dissoudre des ann\u00e9es de stress accumul\u00e9. <\/p>\n\n<p><strong>Pourquoi choisir camper.is ?<\/strong><\/p>\n\n<ul class=\"wp-block-list\">\n<li><strong>Expertise locale :<\/strong> Nous ne sommes pas seulement un service de location, nous sommes une famille suisse-islandaise qui vit et respire ces routes.<\/li>\n\n\n\n<li><strong>Une connexion profonde :<\/strong> Nous combinons la fiabilit\u00e9 suisse avec l'authenticit\u00e9 du c\u0153ur et de l'\u00e2me islandais.<\/li>\n\n\n\n<li><strong>Acc\u00e8s imm\u00e9diat :<\/strong> Gr\u00e2ce aux vols directs d'<strong>Icelandair<\/strong> depuis Zurich, votre chemin vers la libert\u00e9 n'est qu'\u00e0 4 heures de route.<\/li>\n<\/ul>\n\n<p><strong>D\u00e9couvrez l'histoire compl\u00e8te (et notre carte secr\u00e8te !)<\/strong> Nous avons document\u00e9 l'ensemble de notre voyage, y compris les astuces psychologiques que nous avons utilis\u00e9es pour nous d\u00e9connecter et une carte Google personnalis\u00e9e pr\u00e9sentant les \"joyaux cach\u00e9s\" que seuls les locaux connaissent.<\/p>\n\n<p>\ud83d\udc49 <strong>Lisez le rapport complet et trouvez la paix ici :<\/strong> <a target=\"_blank\" rel=\"noreferrer noopener\" href=\"https:\/\/www.iceland.ch\/island-der-weg-aus-dem-hamsterrad-wie-wir-die-freiheit-neu-entdeckten\/\">www.iceland.ch\/island-der-weg-aus-dem-hamsterrad<\/a><\/p>\n\n<p><em>\"En tant que famille helv\u00e9tico-islandaise, nous faisons le lien entre la pr\u00e9cision europ\u00e9enne et la nature sauvage nordique. Visitez notre site <strong>www.iceland.ch<\/strong> pour des articles plus d\u00e9taill\u00e9s en allemand ou t\u00e9l\u00e9chargez notre rapport de voyage complet en anglais ci-dessous.\" <\/em><\/p>\n\n<p><a href=\"https:\/\/www.camper.is\/wp-content\/uploads\/2026\/05\/Iceland_Journey_Freedom_EN.pdf\">VERSION PDF EN ANGLAIS<\/a><\/p>\n\n<figure class=\"wp-block-gallery has-nested-images columns-default is-cropped wp-block-gallery-1 is-layout-flex wp-block-gallery-is-layout-flex\">\n<figure class=\"wp-block-image size-large\"><img data-recalc-dims=\"1\" loading=\"lazy\" decoding=\"async\" width=\"1024\" height=\"232\" data-id=\"76293\" src=\"https:\/\/i0.wp.com\/www.camper.is\/wp-content\/uploads\/2026\/05\/iceland_2026_bericht_2025-21.jpeg?resize=1024%2C232&#038;quality=80&#038;ssl=1\" alt=\"\" class=\"wp-image-76293\" title=\"\" srcset=\"https:\/\/www.camper.is\/wp-content\/uploads\/2026\/05\/iceland_2026_bericht_2025-21-1024x232.jpeg 1024w, https:\/\/www.camper.is\/wp-content\/uploads\/2026\/05\/iceland_2026_bericht_2025-21-980x222.jpeg 980w, https:\/\/www.camper.is\/wp-content\/uploads\/2026\/05\/iceland_2026_bericht_2025-21-480x109.jpeg 480w\" sizes=\"(min-width: 0px) and (max-width: 480px) 480px, (min-width: 481px) and (max-width: 980px) 980px, (min-width: 981px) 1024px, 100vw\" \/><figcaption><\/figcaption><\/figure>\n\n\n\n<figure class=\"wp-block-image size-large\"><img data-recalc-dims=\"1\" loading=\"lazy\" decoding=\"async\" width=\"1024\" height=\"577\" data-id=\"76292\" src=\"https:\/\/i0.wp.com\/www.camper.is\/wp-content\/uploads\/2026\/05\/iceland_2026_bericht_2025-20.jpeg?resize=1024%2C577&#038;quality=80&#038;ssl=1\" alt=\"\" class=\"wp-image-76292\" title=\"\" srcset=\"https:\/\/www.camper.is\/wp-content\/uploads\/2026\/05\/iceland_2026_bericht_2025-20-1024x577.jpeg 1024w, https:\/\/www.camper.is\/wp-content\/uploads\/2026\/05\/iceland_2026_bericht_2025-20-980x552.jpeg 980w, https:\/\/www.camper.is\/wp-content\/uploads\/2026\/05\/iceland_2026_bericht_2025-20-480x270.jpeg 480w\" sizes=\"(min-width: 0px) and (max-width: 480px) 480px, (min-width: 481px) and (max-width: 980px) 980px, (min-width: 981px) 1024px, 100vw\" \/><figcaption><\/figcaption><\/figure>\n\n\n\n<figure class=\"wp-block-image size-large\"><img data-recalc-dims=\"1\" loading=\"lazy\" decoding=\"async\" width=\"1024\" height=\"577\" data-id=\"76291\" src=\"https:\/\/i0.wp.com\/www.camper.is\/wp-content\/uploads\/2026\/05\/iceland_2026_bericht_2025-19.jpeg?resize=1024%2C577&#038;quality=80&#038;ssl=1\" alt=\"\" class=\"wp-image-76291\" title=\"\" srcset=\"https:\/\/www.camper.is\/wp-content\/uploads\/2026\/05\/iceland_2026_bericht_2025-19-1024x577.jpeg 1024w, https:\/\/www.camper.is\/wp-content\/uploads\/2026\/05\/iceland_2026_bericht_2025-19-980x552.jpeg 980w, https:\/\/www.camper.is\/wp-content\/uploads\/2026\/05\/iceland_2026_bericht_2025-19-480x270.jpeg 480w\" sizes=\"(min-width: 0px) and (max-width: 480px) 480px, (min-width: 481px) and (max-width: 980px) 980px, (min-width: 981px) 1024px, 100vw\" \/><figcaption><\/figcaption><\/figure>\n\n\n\n<figure class=\"wp-block-image size-large\"><img data-recalc-dims=\"1\" loading=\"lazy\" decoding=\"async\" width=\"1024\" height=\"577\" data-id=\"76290\" src=\"https:\/\/i0.wp.com\/www.camper.is\/wp-content\/uploads\/2026\/05\/iceland_2026_bericht_2025-18.jpeg?resize=1024%2C577&#038;quality=80&#038;ssl=1\" alt=\"\" class=\"wp-image-76290\" title=\"\" srcset=\"https:\/\/www.camper.is\/wp-content\/uploads\/2026\/05\/iceland_2026_bericht_2025-18-1024x577.jpeg 1024w, https:\/\/www.camper.is\/wp-content\/uploads\/2026\/05\/iceland_2026_bericht_2025-18-980x552.jpeg 980w, https:\/\/www.camper.is\/wp-content\/uploads\/2026\/05\/iceland_2026_bericht_2025-18-480x270.jpeg 480w\" sizes=\"(min-width: 0px) and (max-width: 480px) 480px, (min-width: 481px) and (max-width: 980px) 980px, (min-width: 981px) 1024px, 100vw\" \/><figcaption><\/figcaption><\/figure>\n\n\n\n<figure class=\"wp-block-image size-large\"><img data-recalc-dims=\"1\" loading=\"lazy\" decoding=\"async\" width=\"1024\" height=\"577\" data-id=\"76289\" src=\"https:\/\/i0.wp.com\/www.camper.is\/wp-content\/uploads\/2026\/05\/iceland_2026_bericht_2025-17.jpeg?resize=1024%2C577&#038;quality=80&#038;ssl=1\" alt=\"\" class=\"wp-image-76289\" title=\"\" srcset=\"https:\/\/www.camper.is\/wp-content\/uploads\/2026\/05\/iceland_2026_bericht_2025-17-1024x577.jpeg 1024w, https:\/\/www.camper.is\/wp-content\/uploads\/2026\/05\/iceland_2026_bericht_2025-17-980x552.jpeg 980w, https:\/\/www.camper.is\/wp-content\/uploads\/2026\/05\/iceland_2026_bericht_2025-17-480x270.jpeg 480w\" sizes=\"(min-width: 0px) and (max-width: 480px) 480px, (min-width: 481px) and (max-width: 980px) 980px, (min-width: 981px) 1024px, 100vw\" \/><figcaption><\/figcaption><\/figure>\n\n\n\n<figure class=\"wp-block-image size-large\"><img data-recalc-dims=\"1\" loading=\"lazy\" decoding=\"async\" width=\"1024\" height=\"577\" data-id=\"76288\" src=\"https:\/\/i0.wp.com\/www.camper.is\/wp-content\/uploads\/2026\/05\/iceland_2026_bericht_2025-16.jpeg?resize=1024%2C577&#038;quality=80&#038;ssl=1\" alt=\"\" class=\"wp-image-76288\" title=\"\" srcset=\"https:\/\/www.camper.is\/wp-content\/uploads\/2026\/05\/iceland_2026_bericht_2025-16-1024x577.jpeg 1024w, https:\/\/www.camper.is\/wp-content\/uploads\/2026\/05\/iceland_2026_bericht_2025-16-980x552.jpeg 980w, https:\/\/www.camper.is\/wp-content\/uploads\/2026\/05\/iceland_2026_bericht_2025-16-480x270.jpeg 480w\" sizes=\"(min-width: 0px) and (max-width: 480px) 480px, (min-width: 481px) and (max-width: 980px) 980px, (min-width: 981px) 1024px, 100vw\" \/><figcaption><\/figcaption><\/figure>\n\n\n\n<figure class=\"wp-block-image size-large\"><img data-recalc-dims=\"1\" loading=\"lazy\" decoding=\"async\" width=\"1024\" height=\"577\" data-id=\"76287\" src=\"https:\/\/i0.wp.com\/www.camper.is\/wp-content\/uploads\/2026\/05\/iceland_2026_bericht_2025-15.jpeg?resize=1024%2C577&#038;quality=80&#038;ssl=1\" alt=\"\" class=\"wp-image-76287\" title=\"\" srcset=\"https:\/\/www.camper.is\/wp-content\/uploads\/2026\/05\/iceland_2026_bericht_2025-15-1024x577.jpeg 1024w, https:\/\/www.camper.is\/wp-content\/uploads\/2026\/05\/iceland_2026_bericht_2025-15-980x552.jpeg 980w, https:\/\/www.camper.is\/wp-content\/uploads\/2026\/05\/iceland_2026_bericht_2025-15-480x270.jpeg 480w\" sizes=\"(min-width: 0px) and (max-width: 480px) 480px, (min-width: 481px) and (max-width: 980px) 980px, (min-width: 981px) 1024px, 100vw\" \/><figcaption><\/figcaption><\/figure>\n\n\n\n<figure class=\"wp-block-image size-large\"><img data-recalc-dims=\"1\" loading=\"lazy\" decoding=\"async\" width=\"1024\" height=\"577\" data-id=\"76286\" src=\"https:\/\/i0.wp.com\/www.camper.is\/wp-content\/uploads\/2026\/05\/iceland_2026_bericht_2025-14.jpeg?resize=1024%2C577&#038;quality=80&#038;ssl=1\" alt=\"\" class=\"wp-image-76286\" title=\"\" srcset=\"https:\/\/www.camper.is\/wp-content\/uploads\/2026\/05\/iceland_2026_bericht_2025-14-1024x577.jpeg 1024w, https:\/\/www.camper.is\/wp-content\/uploads\/2026\/05\/iceland_2026_bericht_2025-14-980x552.jpeg 980w, https:\/\/www.camper.is\/wp-content\/uploads\/2026\/05\/iceland_2026_bericht_2025-14-480x270.jpeg 480w\" sizes=\"(min-width: 0px) and (max-width: 480px) 480px, (min-width: 481px) and (max-width: 980px) 980px, (min-width: 981px) 1024px, 100vw\" \/><figcaption><\/figcaption><\/figure>\n\n\n\n<figure class=\"wp-block-image size-large\"><img data-recalc-dims=\"1\" loading=\"lazy\" decoding=\"async\" width=\"1024\" height=\"768\" data-id=\"76285\" src=\"https:\/\/i0.wp.com\/www.camper.is\/wp-content\/uploads\/2026\/05\/iceland_2026_bericht_2025-13.jpeg?resize=1024%2C768&#038;quality=80&#038;ssl=1\" alt=\"\" class=\"wp-image-76285\" title=\"\" srcset=\"https:\/\/www.camper.is\/wp-content\/uploads\/2026\/05\/iceland_2026_bericht_2025-13-1024x768.jpeg 1024w, https:\/\/www.camper.is\/wp-content\/uploads\/2026\/05\/iceland_2026_bericht_2025-13-980x735.jpeg 980w, https:\/\/www.camper.is\/wp-content\/uploads\/2026\/05\/iceland_2026_bericht_2025-13-480x360.jpeg 480w\" sizes=\"(min-width: 0px) and (max-width: 480px) 480px, (min-width: 481px) and (max-width: 980px) 980px, (min-width: 981px) 1024px, 100vw\" \/><figcaption class=\"wp-element-caption\">default<\/figcaption><\/figure>\n\n\n\n<figure class=\"wp-block-image size-large\"><img data-recalc-dims=\"1\" loading=\"lazy\" decoding=\"async\" width=\"1024\" height=\"278\" data-id=\"76284\" src=\"https:\/\/i0.wp.com\/www.camper.is\/wp-content\/uploads\/2026\/05\/iceland_2026_bericht_2025-12.jpeg?resize=1024%2C278&#038;quality=80&#038;ssl=1\" alt=\"\" class=\"wp-image-76284\" title=\"\" srcset=\"https:\/\/www.camper.is\/wp-content\/uploads\/2026\/05\/iceland_2026_bericht_2025-12-1024x278.jpeg 1024w, https:\/\/www.camper.is\/wp-content\/uploads\/2026\/05\/iceland_2026_bericht_2025-12-980x266.jpeg 980w, https:\/\/www.camper.is\/wp-content\/uploads\/2026\/05\/iceland_2026_bericht_2025-12-480x131.jpeg 480w\" sizes=\"(min-width: 0px) and (max-width: 480px) 480px, (min-width: 481px) and (max-width: 980px) 980px, (min-width: 981px) 1024px, 100vw\" \/><figcaption class=\"wp-element-caption\">default<\/figcaption><\/figure>\n\n\n\n<figure class=\"wp-block-image size-large\"><img data-recalc-dims=\"1\" loading=\"lazy\" decoding=\"async\" width=\"1024\" height=\"769\" data-id=\"76283\" src=\"https:\/\/i0.wp.com\/www.camper.is\/wp-content\/uploads\/2026\/05\/iceland_2026_bericht_2025-11.jpeg?resize=1024%2C769&#038;quality=80&#038;ssl=1\" alt=\"\" class=\"wp-image-76283\" title=\"\" srcset=\"https:\/\/www.camper.is\/wp-content\/uploads\/2026\/05\/iceland_2026_bericht_2025-11-1024x769.jpeg 1024w, https:\/\/www.camper.is\/wp-content\/uploads\/2026\/05\/iceland_2026_bericht_2025-11-980x736.jpeg 980w, https:\/\/www.camper.is\/wp-content\/uploads\/2026\/05\/iceland_2026_bericht_2025-11-480x360.jpeg 480w\" sizes=\"(min-width: 0px) and (max-width: 480px) 480px, (min-width: 481px) and (max-width: 980px) 980px, (min-width: 981px) 1024px, 100vw\" \/><figcaption class=\"wp-element-caption\">default<\/figcaption><\/figure>\n\n\n\n<figure class=\"wp-block-image size-large\"><img data-recalc-dims=\"1\" loading=\"lazy\" decoding=\"async\" width=\"1024\" height=\"768\" data-id=\"76282\" src=\"https:\/\/i0.wp.com\/www.camper.is\/wp-content\/uploads\/2026\/05\/iceland_2026_bericht_2025-10.jpeg?resize=1024%2C768&#038;quality=80&#038;ssl=1\" alt=\"\" class=\"wp-image-76282\" title=\"\" srcset=\"https:\/\/www.camper.is\/wp-content\/uploads\/2026\/05\/iceland_2026_bericht_2025-10-1024x768.jpeg 1024w, https:\/\/www.camper.is\/wp-content\/uploads\/2026\/05\/iceland_2026_bericht_2025-10-980x735.jpeg 980w, https:\/\/www.camper.is\/wp-content\/uploads\/2026\/05\/iceland_2026_bericht_2025-10-480x360.jpeg 480w\" sizes=\"(min-width: 0px) and (max-width: 480px) 480px, (min-width: 481px) and (max-width: 980px) 980px, (min-width: 981px) 1024px, 100vw\" \/><figcaption><\/figcaption><\/figure>\n\n\n\n<figure class=\"wp-block-image size-large\"><img data-recalc-dims=\"1\" loading=\"lazy\" decoding=\"async\" width=\"1024\" height=\"554\" data-id=\"76265\" src=\"https:\/\/i0.wp.com\/www.camper.is\/wp-content\/uploads\/2026\/05\/iceland_2026-1.jpeg?resize=1024%2C554&#038;quality=80&#038;ssl=1\" alt=\"\" class=\"wp-image-76265\" title=\"\" srcset=\"https:\/\/www.camper.is\/wp-content\/uploads\/2026\/05\/iceland_2026-1-1024x554.jpeg 1024w, https:\/\/www.camper.is\/wp-content\/uploads\/2026\/05\/iceland_2026-1-980x530.jpeg 980w, https:\/\/www.camper.is\/wp-content\/uploads\/2026\/05\/iceland_2026-1-480x260.jpeg 480w\" sizes=\"(min-width: 0px) and (max-width: 480px) 480px, (min-width: 481px) and (max-width: 980px) 980px, (min-width: 981px) 1024px, 100vw\" \/><figcaption class=\"wp-element-caption\">Capture d'\u00e9cran<\/figcaption><\/figure>\n\n\n\n<figure class=\"wp-block-image size-large\"><img data-recalc-dims=\"1\" loading=\"lazy\" decoding=\"async\" width=\"1024\" height=\"684\" data-id=\"76267\" src=\"https:\/\/i0.wp.com\/www.camper.is\/wp-content\/uploads\/2026\/05\/iceland_2026_bericht_2025-1.jpeg?resize=1024%2C684&#038;quality=80&#038;ssl=1\" alt=\"\" class=\"wp-image-76267\" title=\"\" srcset=\"https:\/\/www.camper.is\/wp-content\/uploads\/2026\/05\/iceland_2026_bericht_2025-1-1024x684.jpeg 1024w, https:\/\/www.camper.is\/wp-content\/uploads\/2026\/05\/iceland_2026_bericht_2025-1-980x655.jpeg 980w, https:\/\/www.camper.is\/wp-content\/uploads\/2026\/05\/iceland_2026_bericht_2025-1-480x321.jpeg 480w\" sizes=\"(min-width: 0px) and (max-width: 480px) 480px, (min-width: 481px) and (max-width: 980px) 980px, (min-width: 981px) 1024px, 100vw\" \/><figcaption><\/figcaption><\/figure>\n\n\n\n<figure class=\"wp-block-image size-large\"><img data-recalc-dims=\"1\" loading=\"lazy\" decoding=\"async\" width=\"1024\" height=\"768\" data-id=\"76269\" src=\"https:\/\/i0.wp.com\/www.camper.is\/wp-content\/uploads\/2026\/05\/iceland_2026_bericht_2025-2.jpeg?resize=1024%2C768&#038;quality=80&#038;ssl=1\" alt=\"\" class=\"wp-image-76269\" title=\"\" srcset=\"https:\/\/www.camper.is\/wp-content\/uploads\/2026\/05\/iceland_2026_bericht_2025-2-1024x768.jpeg 1024w, https:\/\/www.camper.is\/wp-content\/uploads\/2026\/05\/iceland_2026_bericht_2025-2-980x735.jpeg 980w, https:\/\/www.camper.is\/wp-content\/uploads\/2026\/05\/iceland_2026_bericht_2025-2-480x360.jpeg 480w\" sizes=\"(min-width: 0px) and (max-width: 480px) 480px, (min-width: 481px) and (max-width: 980px) 980px, (min-width: 981px) 1024px, 100vw\" \/><figcaption><\/figcaption><\/figure>\n\n\n\n<figure class=\"wp-block-image size-large\"><img data-recalc-dims=\"1\" loading=\"lazy\" decoding=\"async\" width=\"1024\" height=\"577\" data-id=\"76275\" src=\"https:\/\/i0.wp.com\/www.camper.is\/wp-content\/uploads\/2026\/05\/iceland_2026_bericht_2025-3.jpeg?resize=1024%2C577&#038;quality=80&#038;ssl=1\" alt=\"\" class=\"wp-image-76275\" title=\"\" srcset=\"https:\/\/www.camper.is\/wp-content\/uploads\/2026\/05\/iceland_2026_bericht_2025-3-1024x577.jpeg 1024w, https:\/\/www.camper.is\/wp-content\/uploads\/2026\/05\/iceland_2026_bericht_2025-3-980x552.jpeg 980w, https:\/\/www.camper.is\/wp-content\/uploads\/2026\/05\/iceland_2026_bericht_2025-3-480x270.jpeg 480w\" sizes=\"(min-width: 0px) and (max-width: 480px) 480px, (min-width: 481px) and (max-width: 980px) 980px, (min-width: 981px) 1024px, 100vw\" \/><figcaption><\/figcaption><\/figure>\n\n\n\n<figure class=\"wp-block-image size-large\"><img data-recalc-dims=\"1\" loading=\"lazy\" decoding=\"async\" width=\"1024\" height=\"577\" data-id=\"76276\" src=\"https:\/\/i0.wp.com\/www.camper.is\/wp-content\/uploads\/2026\/05\/iceland_2026_bericht_2025-4.jpeg?resize=1024%2C577&#038;quality=80&#038;ssl=1\" alt=\"\" class=\"wp-image-76276\" title=\"\" srcset=\"https:\/\/www.camper.is\/wp-content\/uploads\/2026\/05\/iceland_2026_bericht_2025-4-1024x577.jpeg 1024w, https:\/\/www.camper.is\/wp-content\/uploads\/2026\/05\/iceland_2026_bericht_2025-4-980x552.jpeg 980w, https:\/\/www.camper.is\/wp-content\/uploads\/2026\/05\/iceland_2026_bericht_2025-4-480x270.jpeg 480w\" sizes=\"(min-width: 0px) and (max-width: 480px) 480px, (min-width: 481px) and (max-width: 980px) 980px, (min-width: 981px) 1024px, 100vw\" \/><figcaption><\/figcaption><\/figure>\n\n\n\n<figure class=\"wp-block-image size-large\"><img data-recalc-dims=\"1\" loading=\"lazy\" decoding=\"async\" width=\"1024\" height=\"461\" data-id=\"76277\" src=\"https:\/\/i0.wp.com\/www.camper.is\/wp-content\/uploads\/2026\/05\/iceland_2026_bericht_2025-5.jpeg?resize=1024%2C461&#038;quality=80&#038;ssl=1\" alt=\"\" class=\"wp-image-76277\" title=\"\" srcset=\"https:\/\/www.camper.is\/wp-content\/uploads\/2026\/05\/iceland_2026_bericht_2025-5-1024x461.jpeg 1024w, https:\/\/www.camper.is\/wp-content\/uploads\/2026\/05\/iceland_2026_bericht_2025-5-980x441.jpeg 980w, https:\/\/www.camper.is\/wp-content\/uploads\/2026\/05\/iceland_2026_bericht_2025-5-480x216.jpeg 480w\" sizes=\"(min-width: 0px) and (max-width: 480px) 480px, (min-width: 481px) and (max-width: 980px) 980px, (min-width: 981px) 1024px, 100vw\" \/><figcaption><\/figcaption><\/figure>\n\n\n\n<figure class=\"wp-block-image size-large\"><img data-recalc-dims=\"1\" loading=\"lazy\" decoding=\"async\" width=\"1024\" height=\"577\" data-id=\"76278\" src=\"https:\/\/i0.wp.com\/www.camper.is\/wp-content\/uploads\/2026\/05\/iceland_2026_bericht_2025-6.jpeg?resize=1024%2C577&#038;quality=80&#038;ssl=1\" alt=\"\" class=\"wp-image-76278\" title=\"\" srcset=\"https:\/\/www.camper.is\/wp-content\/uploads\/2026\/05\/iceland_2026_bericht_2025-6-1024x577.jpeg 1024w, https:\/\/www.camper.is\/wp-content\/uploads\/2026\/05\/iceland_2026_bericht_2025-6-980x552.jpeg 980w, https:\/\/www.camper.is\/wp-content\/uploads\/2026\/05\/iceland_2026_bericht_2025-6-480x270.jpeg 480w\" sizes=\"(min-width: 0px) and (max-width: 480px) 480px, (min-width: 481px) and (max-width: 980px) 980px, (min-width: 981px) 1024px, 100vw\" \/><figcaption><\/figcaption><\/figure>\n\n\n\n<figure class=\"wp-block-image size-large\"><img data-recalc-dims=\"1\" loading=\"lazy\" decoding=\"async\" width=\"1024\" height=\"577\" data-id=\"76279\" src=\"https:\/\/i0.wp.com\/www.camper.is\/wp-content\/uploads\/2026\/05\/iceland_2026_bericht_2025-7.jpeg?resize=1024%2C577&#038;quality=80&#038;ssl=1\" alt=\"\" class=\"wp-image-76279\" title=\"\" srcset=\"https:\/\/www.camper.is\/wp-content\/uploads\/2026\/05\/iceland_2026_bericht_2025-7-1024x577.jpeg 1024w, https:\/\/www.camper.is\/wp-content\/uploads\/2026\/05\/iceland_2026_bericht_2025-7-980x552.jpeg 980w, https:\/\/www.camper.is\/wp-content\/uploads\/2026\/05\/iceland_2026_bericht_2025-7-480x270.jpeg 480w\" sizes=\"(min-width: 0px) and (max-width: 480px) 480px, (min-width: 481px) and (max-width: 980px) 980px, (min-width: 981px) 1024px, 100vw\" \/><figcaption><\/figcaption><\/figure>\n\n\n\n<figure class=\"wp-block-image size-large\"><img data-recalc-dims=\"1\" loading=\"lazy\" decoding=\"async\" width=\"1024\" height=\"577\" data-id=\"76280\" src=\"https:\/\/i0.wp.com\/www.camper.is\/wp-content\/uploads\/2026\/05\/iceland_2026_bericht_2025-8.jpeg?resize=1024%2C577&#038;quality=80&#038;ssl=1\" alt=\"\" class=\"wp-image-76280\" title=\"\" srcset=\"https:\/\/www.camper.is\/wp-content\/uploads\/2026\/05\/iceland_2026_bericht_2025-8-1024x577.jpeg 1024w, https:\/\/www.camper.is\/wp-content\/uploads\/2026\/05\/iceland_2026_bericht_2025-8-980x552.jpeg 980w, https:\/\/www.camper.is\/wp-content\/uploads\/2026\/05\/iceland_2026_bericht_2025-8-480x270.jpeg 480w\" sizes=\"(min-width: 0px) and (max-width: 480px) 480px, (min-width: 481px) and (max-width: 980px) 980px, (min-width: 981px) 1024px, 100vw\" \/><figcaption><\/figcaption><\/figure>\n<\/figure>\n\n<blockquote class=\"wp-block-quote is-layout-flow wp-block-quote-is-layout-flow\"><\/blockquote>\n\n<style>.flight-container {\n        background-color: #f0f4f8;\n        border: 1px solid #d1d8e0;\n        border-radius: 20px;\n        padding: 40px;\n        margin: 50px 0;\n        font-family: 'Helvetica Neue', Arial, sans-serif;\n    }\n    .flight-header {\n        text-align: center;\n        margin-bottom: 30px;\n    }\n    .flight-header h3 {\n        color: #1a3a5f;\n        font-size: 24px;\n        margin-bottom: 10px;\n        text-transform: uppercase;\n        letter-spacing: 1px;\n    }\n    .flight-grid {\n        display: grid;\n        grid-template-columns: repeat(auto-fit, minmax(200px, 1fr));\n        gap: 20px;\n        margin-bottom: 30px;\n    }\n    .flight-card {\n        background: white;\n        padding: 20px;\n        border-radius: 12px;\n        box-shadow: 0 4px 6px rgba(0,0,0,0.05);\n        text-align: center;\n    }\n    .flight-card strong {\n        display: block;\n        color: #2980b9;\n        margin-bottom: 10px;\n        font-size: 16px;\n    }\n    .airline-tag {\n        display: inline-block;\n        background: #eef9ff;\n        color: #1a3a5f;\n        padding: 4px 10px;\n        border-radius: 4px;\n        font-size: 12px;\n        margin: 2px;\n        border: 1px solid #b3e5fc;\n    }\n    .booking-tip {\n        background: #fff9e6;\n        border-left: 4px solid #ffcc00;\n        padding: 15px;\n        font-size: 14px;\n        color: #555;\n        margin-top: 20px;\n    }\n    .global-cta {\n        text-align: center;\n        margin-top: 35px;\n    }\n    .booking-button {\n        display: inline-block;\n        background-color: #2980b9;\n        color: white !important;\n        padding: 12px 25px;\n        text-decoration: none;\n        border-radius: 5px;\n        font-weight: bold;\n        transition: background 0.3s;\n    }\n    .booking-button:hover {\n        background-color: #1a3a5f;\n    }\n<\/style><div class=\"flight-container\"><div class=\"flight-header\"><h3>Fly to the Land of Fire & Ice from Anywhere<\/h3><p>Iceland is easily accessible through major global hubs. Your journey to freedom starts with a single flight.<\/p><\/div><div class=\"flight-grid\"><div class=\"flight-card\"><strong>Europe<\/strong><span class=\"airline-tag\">Icelandair<\/span><span class=\"airline-tag\">Lufthansa<\/span><span class=\"airline-tag\">Swiss<\/span><span class=\"airline-tag\">SAS<\/span><span class=\"airline-tag\">British Airways<\/span><span class=\"airline-tag\">Edelweiss<\/span><p style=\"font-size: 12px; margin-top: 10px;\">Direct from Zurich, Geneva, London, Frankfurt, Munich, Oslo & more.<\/p><\/div><div class=\"flight-card\"><strong>North America<\/strong><span class=\"airline-tag\">Icelandair<\/span><span class=\"airline-tag\">United Airlines<\/span><span class=\"airline-tag\">Delta<\/span><span class=\"airline-tag\">Air Canada<\/span><p style=\"font-size: 12px; margin-top: 10px;\">Direct from NYC, Seattle, Boston, Denver, Toronto & Chicago.<\/p><\/div><div class=\"flight-card\"><strong>Find Your Flight<\/strong><p style=\"font-size: 13px;\">Use platforms like <em>Google Flights<\/em> or <em>Skyscanner<\/em> to find the best direct routes to Keflav\u00edk (KEF).<\/p><\/div><\/div><div class=\"booking-tip\"><strong>Expert Tip:<\/strong> Book your flight first, then secure your vehicle. In May, June, and July, availability is limited. We recommend booking your camper as early as possible to ensure your preferred model is ready upon arrival.\n    <\/div><div class=\"global-cta\"><p><strong>Ready to explore?<\/strong><\/p><a href=\"https:\/\/web.rentalcarmanager.com\/api32\/Camper-Iceland\/Step2\" class=\"booking-button\" target=\"_blank\" rel=\"noopener\">Check Live Availability & Book Now<\/a><p style=\"font-size: 12px; margin-top: 15px; color: #777;\">Swiss-Icelandic reliability waiting for you in Keflav\u00edk.<\/p><\/div><\/div>\n","protected":false},"excerpt":{"rendered":"<p>Vous vous sentez pris au pi\u00e8ge de la routine ? D\u00e9couvrez comment notre entreprise familiale helv\u00e9tico-islandaise a \u00e9chapp\u00e9 \u00e0 la \u00ab\u00a0roue du hamster\u00a0\u00bb lors d&rsquo;un voyage d&rsquo;introspection \u00e0 travers l&rsquo;Islande. Apprenez la psychologie du l\u00e2cher-prise, le pouvoir curatif des marmites locales et acc\u00e9dez \u00e0 notre carte Google exclusive des \u00ab\u00a0joyaux cach\u00e9s\u00a0\u00bb pour votre aventure en mai, juin ou juillet. La vraie libert\u00e9 commence ici.   <\/p>\n","protected":false},"author":1,"featured_media":76306,"comment_status":"open","ping_status":"open","sticky":false,"template":"","format":"standard","meta":{"_acf_changed":false,"jetpack_post_was_ever_published":false,"_jetpack_newsletter_access":"","_jetpack_dont_email_post_to_subs":false,"_jetpack_newsletter_tier_id":0,"_jetpack_memberships_contains_paywalled_content":false,"_jetpack_memberships_contains_paid_content":false,"footnotes":""},"categories":[232],"tags":[1793,1800,1795,1790,1799,1791,1797,1796,1794,1792,1765],"class_list":["post-76305","post","type-post","status-publish","format-standard","has-post-thumbnail","hentry","category-actualites-et-mises-a-jour-des-produits","tag-campeur-est","tag-camping-de-luxe-islande","tag-commerce-entre-la-suisse-et-lislande","tag-desintoxication-numerique-islande","tag-guide-de-voyage-en-islande","tag-highlands-conseils-pour-lislande","tag-lieux-secrets-de-lislande","tag-location-de-camping-cars-islande","tag-psychologie-du-voyageur","tag-sante-mentale-voyage","tag-seydisfjordur"],"acf":[],"jetpack_featured_media_url":"https:\/\/i0.wp.com\/www.camper.is\/wp-content\/uploads\/2026\/05\/iceland_2026_bericht_2025-10.jpeg?fit=1280%2C960&quality=80&ssl=1","jetpack_sharing_enabled":true,"jetpack_shortlink":"https:\/\/wp.me\/p569lP-jQJ","jetpack-related-posts":[{"id":72237,"url":"https:\/\/www.camper.is\/fr\/%f0%9f%8f%86-championnats-du-monde-du-cheval-islandais-en-suisse\/","url_meta":{"origin":76305,"position":0},"title":"\ud83c\udfc6 Championnats du monde du cheval islandais - en Suisse !","author":"Marion Johnson","date":"6 ao\u00fbt 2025","format":false,"excerpt":"L'attente est termin\u00e9e - les championnats du monde de chevaux islandais battent leur plein ici m\u00eame en Suisse! Les cavaliers, les fans et les amateurs de chevaux du monde entier se sont rassembl\u00e9s pour assister \u00e0 l'ultime d\u00e9monstration d'adresse, de vitesse et de la beaut\u00e9 in\u00e9gal\u00e9e des chevaux islandais. \u2728\u2026","rel":"","context":"Dans &quot;Actualit\u00e9s et mises \u00e0 jour des produits&quot;","block_context":{"text":"Actualit\u00e9s et mises \u00e0 jour des produits","link":"https:\/\/www.camper.is\/fr\/actualites-et-mises-a-jour-des-produits\/"},"img":{"alt_text":"WORLD CHAMPIONSHIPS \nICELANDIC HORSES 2025","src":"https:\/\/i0.wp.com\/www.camper.is\/wp-content\/uploads\/2025\/08\/Bildschirmfoto-2025-08-06-um-16.21.39.jpeg?fit=640%2C377&quality=80&ssl=1&resize=350%2C200","width":350,"height":200,"srcset":"https:\/\/i0.wp.com\/www.camper.is\/wp-content\/uploads\/2025\/08\/Bildschirmfoto-2025-08-06-um-16.21.39.jpeg?fit=640%2C377&quality=80&ssl=1&resize=350%2C200 1x, https:\/\/i0.wp.com\/www.camper.is\/wp-content\/uploads\/2025\/08\/Bildschirmfoto-2025-08-06-um-16.21.39.jpeg?fit=640%2C377&quality=80&ssl=1&resize=525%2C300 1.5x"},"classes":[]},{"id":50239,"url":"https:\/\/www.camper.is\/fr\/islande-concours-rams-le-film-en-suisse\/","url_meta":{"origin":76305,"position":1},"title":"Islande Concours \u00ab\u00a0Rams - le film en Suisse\u00a0\u00bb","author":"Marion Johnson","date":"20 avril 2022","format":false,"excerpt":"Le 26. Novembre 2015 sort le film islandais \"RAM - Hrutar\" dans les cin\u00e9mas suisses. Partagez la joie de l'Islande avec nous et gagnez 3 x 2 places de cin\u00e9ma pour le film \"RAM - Hrutar\". R\u00e9jouissez-vous des \u00eeles naturelles, les animaux, qui ont fa\u00e7onn\u00e9 les gens depuis des temps\u2026","rel":"","context":"Dans &quot;Actualit\u00e9s et mises \u00e0 jour des produits&quot;","block_context":{"text":"Actualit\u00e9s et mises \u00e0 jour des produits","link":"https:\/\/www.camper.is\/fr\/actualites-et-mises-a-jour-des-produits\/"},"img":{"alt_text":"sheep competition","src":"https:\/\/i0.wp.com\/www.camper.is\/wp-content\/uploads\/2015\/10\/schaf-wettbewerb1-300x199.jpg?resize=350%2C200&quality=80&ssl=1","width":350,"height":200},"classes":[]},{"id":71240,"url":"https:\/\/www.camper.is\/fr\/informations-importantes-concernant-le-stationnement-et-autres-conseils-utiles\/","url_meta":{"origin":76305,"position":2},"title":"Informations importantes concernant le stationnement et autres conseils utiles","author":"Marion Johnson","date":"17 avril 2025","format":false,"excerpt":"Chers visiteurs islandais, Nous esp\u00e9rons que ce message vous trouvera en bonne sant\u00e9 et enthousiaste \u00e0 l'id\u00e9e de votre prochain voyage \u00e0 travers les paysages \u00e9poustouflants de l'Islande. Afin de vous garantir une exp\u00e9rience agr\u00e9able, nous aimerions partager avec vous quelques informations importantes concernant le stationnement et d'autres conseils utiles.\u2026","rel":"","context":"Dans &quot;Actualit\u00e9s et mises \u00e0 jour des produits&quot;","block_context":{"text":"Actualit\u00e9s et mises \u00e0 jour des produits","link":"https:\/\/www.camper.is\/fr\/actualites-et-mises-a-jour-des-produits\/"},"img":{"alt_text":"","src":"https:\/\/i0.wp.com\/www.camper.is\/wp-content\/uploads\/2025\/04\/WhatsApp-Image-2025-04-17-at-9.25.24-PM.jpeg?fit=480%2C640&quality=80&ssl=1&resize=350%2C200","width":350,"height":200},"classes":[]},{"id":70849,"url":"https:\/\/www.camper.is\/fr\/le-pays-le-plus-sur-du-monde\/","url_meta":{"origin":76305,"position":3},"title":"Le pays le plus s\u00fbr du monde","author":"admin","date":"10 f\u00e9vrier 2025","format":false,"excerpt":"Une remise de 35 % est accord\u00e9e pour l'avant-saison et nos camping-cars neufs. \u00c9coutons tout d'abord Marion, de l'\u00e9quipe de vente, nous parler de cette op\u00e9ration. Chers amis Si vous \u00eates novice en mati\u00e8re de voyages internationaux, les inconnues peuvent souvent vous sembler d\u00e9courageantes. Toutefois, si vous \u00eates pr\u00eat \u00e0\u2026","rel":"","context":"Dans &quot;Actualit\u00e9s et mises \u00e0 jour des produits&quot;","block_context":{"text":"Actualit\u00e9s et mises \u00e0 jour des produits","link":"https:\/\/www.camper.is\/fr\/actualites-et-mises-a-jour-des-produits\/"},"img":{"alt_text":"","src":"https:\/\/i0.wp.com\/www.camper.is\/wp-content\/uploads\/2025\/02\/f800f92d-4f9f-415e-a56b-d91249dd2434-1.jpg?fit=1107%2C749&quality=80&ssl=1&resize=350%2C200","width":350,"height":200,"srcset":"https:\/\/i0.wp.com\/www.camper.is\/wp-content\/uploads\/2025\/02\/f800f92d-4f9f-415e-a56b-d91249dd2434-1.jpg?fit=1107%2C749&quality=80&ssl=1&resize=350%2C200 1x, https:\/\/i0.wp.com\/www.camper.is\/wp-content\/uploads\/2025\/02\/f800f92d-4f9f-415e-a56b-d91249dd2434-1.jpg?fit=1107%2C749&quality=80&ssl=1&resize=525%2C300 1.5x, https:\/\/i0.wp.com\/www.camper.is\/wp-content\/uploads\/2025\/02\/f800f92d-4f9f-415e-a56b-d91249dd2434-1.jpg?fit=1107%2C749&quality=80&ssl=1&resize=700%2C400 2x, https:\/\/i0.wp.com\/www.camper.is\/wp-content\/uploads\/2025\/02\/f800f92d-4f9f-415e-a56b-d91249dd2434-1.jpg?fit=1107%2C749&quality=80&ssl=1&resize=1050%2C600 3x"},"classes":[]},{"id":69284,"url":"https:\/\/www.camper.is\/fr\/69284\/","url_meta":{"origin":76305,"position":4},"title":"La visite de l&rsquo;Islande en 2025 doit figurer sur votre liste de voyage","author":"Marion Johnson","date":"13 janvier 2025","format":false,"excerpt":"Nous souhaitons partager avec vous quelques raisons passionnantes pour lesquelles la visite de l'Islande en 2025 devrait figurer sur votre liste de voyages. L'Islande, souvent appel\u00e9e \"Terre de feu et de glace\", est un pays qui offre un m\u00e9lange unique de merveilles naturelles. Des chutes d'eau \u00e0 couper le souffle,\u2026","rel":"","context":"Dans &quot;News &amp; Travel Blog&quot;","block_context":{"text":"News &amp; Travel Blog","link":"https:\/\/www.camper.is\/iceland-camper-travel-blog\/"},"img":{"alt_text":"","src":"https:\/\/i0.wp.com\/www.camper.is\/wp-content\/uploads\/2025\/01\/DSCF0500-scaled.jpg?fit=1200%2C800&quality=80&ssl=1&resize=350%2C200","width":350,"height":200,"srcset":"https:\/\/i0.wp.com\/www.camper.is\/wp-content\/uploads\/2025\/01\/DSCF0500-scaled.jpg?fit=1200%2C800&quality=80&ssl=1&resize=350%2C200 1x, https:\/\/i0.wp.com\/www.camper.is\/wp-content\/uploads\/2025\/01\/DSCF0500-scaled.jpg?fit=1200%2C800&quality=80&ssl=1&resize=525%2C300 1.5x, https:\/\/i0.wp.com\/www.camper.is\/wp-content\/uploads\/2025\/01\/DSCF0500-scaled.jpg?fit=1200%2C800&quality=80&ssl=1&resize=700%2C400 2x, https:\/\/i0.wp.com\/www.camper.is\/wp-content\/uploads\/2025\/01\/DSCF0500-scaled.jpg?fit=1200%2C800&quality=80&ssl=1&resize=1050%2C600 3x"},"classes":[]},{"id":70940,"url":"https:\/\/www.camper.is\/fr\/une-inoubliable-aventure-a-cheval-en-islande-vous-attend\/","url_meta":{"origin":76305,"position":5},"title":"Une inoubliable aventure \u00e0 cheval en Islande vous attend !","author":"Marion Johnson","date":"22 f\u00e9vrier 2025","format":false,"excerpt":"Je suis ravie de partager avec vous une exp\u00e9rience extraordinaire qui allie le frisson de l'exploration \u00e0 la s\u00e9r\u00e9nit\u00e9 de la nature : un voyage \u00e0 cheval en Islande. Imaginez que vous traversez les paysages d'un autre monde de l'Islande, en sentant la douce d\u00e9marche des chevaux islandais uniques sous\u2026","rel":"","context":"Dans &quot;Actualit\u00e9s et mises \u00e0 jour des produits&quot;","block_context":{"text":"Actualit\u00e9s et mises \u00e0 jour des produits","link":"https:\/\/www.camper.is\/fr\/actualites-et-mises-a-jour-des-produits\/"},"img":{"alt_text":"","src":"https:\/\/i0.wp.com\/www.camper.is\/wp-content\/uploads\/2025\/02\/Bildschirmfoto-2025-02-21-um-21.14.57.png?fit=1200%2C692&quality=72&ssl=1&resize=350%2C200","width":350,"height":200,"srcset":"https:\/\/i0.wp.com\/www.camper.is\/wp-content\/uploads\/2025\/02\/Bildschirmfoto-2025-02-21-um-21.14.57.png?fit=1200%2C692&quality=72&ssl=1&resize=350%2C200 1x, https:\/\/i0.wp.com\/www.camper.is\/wp-content\/uploads\/2025\/02\/Bildschirmfoto-2025-02-21-um-21.14.57.png?fit=1200%2C692&quality=72&ssl=1&resize=525%2C300 1.5x, https:\/\/i0.wp.com\/www.camper.is\/wp-content\/uploads\/2025\/02\/Bildschirmfoto-2025-02-21-um-21.14.57.png?fit=1200%2C692&quality=72&ssl=1&resize=700%2C400 2x, https:\/\/i0.wp.com\/www.camper.is\/wp-content\/uploads\/2025\/02\/Bildschirmfoto-2025-02-21-um-21.14.57.png?fit=1200%2C692&quality=72&ssl=1&resize=1050%2C600 3x"},"classes":[]}],"_links":{"self":[{"href":"https:\/\/www.camper.is\/fr\/wp-json\/wp\/v2\/posts\/76305","targetHints":{"allow":["GET"]}}],"collection":[{"href":"https:\/\/www.camper.is\/fr\/wp-json\/wp\/v2\/posts"}],"about":[{"href":"https:\/\/www.camper.is\/fr\/wp-json\/wp\/v2\/types\/post"}],"author":[{"embeddable":true,"href":"https:\/\/www.camper.is\/fr\/wp-json\/wp\/v2\/users\/1"}],"replies":[{"embeddable":true,"href":"https:\/\/www.camper.is\/fr\/wp-json\/wp\/v2\/comments?post=76305"}],"version-history":[{"count":1,"href":"https:\/\/www.camper.is\/fr\/wp-json\/wp\/v2\/posts\/76305\/revisions"}],"predecessor-version":[{"id":76307,"href":"https:\/\/www.camper.is\/fr\/wp-json\/wp\/v2\/posts\/76305\/revisions\/76307"}],"wp:featuredmedia":[{"embeddable":true,"href":"https:\/\/www.camper.is\/fr\/wp-json\/wp\/v2\/media\/76306"}],"wp:attachment":[{"href":"https:\/\/www.camper.is\/fr\/wp-json\/wp\/v2\/media?parent=76305"}],"wp:term":[{"taxonomy":"category","embeddable":true,"href":"https:\/\/www.camper.is\/fr\/wp-json\/wp\/v2\/categories?post=76305"},{"taxonomy":"post_tag","embeddable":true,"href":"https:\/\/www.camper.is\/fr\/wp-json\/wp\/v2\/tags?post=76305"}],"curies":[{"name":"wp","href":"https:\/\/api.w.org\/{rel}","templated":true}]}}