{"id":68862,"date":"2024-12-19T16:08:16","date_gmt":"2024-12-19T16:08:16","guid":{"rendered":"https:\/\/www.camper.is\/de-bale-a-lislande-a-partir-de-30-e-reservez-maintenant-votre-vol-et-votre-camping-car\/"},"modified":"2024-12-19T16:08:16","modified_gmt":"2024-12-19T16:08:16","slug":"de-bale-a-lislande-a-partir-de-30-e-reservez-maintenant-votre-vol-et-votre-camping-car","status":"publish","type":"post","link":"https:\/\/www.camper.is\/fr\/de-bale-a-lislande-a-partir-de-30-e-reservez-maintenant-votre-vol-et-votre-camping-car\/","title":{"rendered":"De B\u00e2le \u00e0 l&rsquo;Islande \u00e0 partir de 30 \u20ac, r\u00e9servez maintenant votre vol et votre camping-car"},"content":{"rendered":"<p>Chers amis de Camper Iceland<\/p>\n<h2>B\u00e2le - Keflavik<\/h2>\n<p>\u00c7a y est, EasyJet dessert \u00e0 nouveau l&rsquo;Islande apr\u00e8s une pause de plusieurs ann\u00e9es. Nous avons regard\u00e9 les prix. Aujourd&rsquo;hui 19.12.2024, la situation est la suivante : on ne peut pas faire moins cher. Si vous r\u00e9servez votre vol maintenant et que vous louez un camping-car ou un mobile-home chez nous, vous pouvez \u00e9conomiser des centaines, voire des milliers de francs.  <\/p>\n<p><a href=\"https:\/\/i0.wp.com\/www.camper.is\/wp-content\/uploads\/2024\/12\/IMG_0382.jpeg?quality=80&#038;ssl=1\"><img data-recalc-dims=\"1\" loading=\"lazy\" decoding=\"async\" class=\"alignnone size-full wp-image-68849\" src=\"https:\/\/i0.wp.com\/www.camper.is\/wp-content\/uploads\/2024\/12\/IMG_0382.jpeg?resize=1080%2C453&#038;quality=80&#038;ssl=1\" alt=\"\" width=\"1080\" height=\"453\" title=\"\" srcset=\"https:\/\/www.camper.is\/wp-content\/uploads\/2024\/12\/IMG_0382.jpeg 1776w, https:\/\/www.camper.is\/wp-content\/uploads\/2024\/12\/IMG_0382-1280x537.jpeg 1280w, https:\/\/www.camper.is\/wp-content\/uploads\/2024\/12\/IMG_0382-980x411.jpeg 980w, https:\/\/www.camper.is\/wp-content\/uploads\/2024\/12\/IMG_0382-480x201.jpeg 480w\" sizes=\"(min-width: 0px) and (max-width: 480px) 480px, (min-width: 481px) and (max-width: 980px) 980px, (min-width: 981px) and (max-width: 1280px) 1280px, (min-width: 1281px) 1776px, 100vw\" \/><\/a><\/p>\n<p>R\u00c9SERVATIONS DE VOL <a href=\"https:\/\/www.easyjet.com\/de\/billigfluege\/basel-muehlhausen-freiburg\/reykjavik-keflavik\" target=\"_blank\" rel=\"noopener\">: <\/a> https:\/\/www.easyjet.com\/de\/billigfluege\/basel-muehlhausen-freiburg\/reykjavik-keflavik R\u00e9server un camping-car <a href=\"https:\/\/web.rentalcarmanager.com\/api32\/Camper-Iceland\/Step2\" target=\"_blank\" rel=\"noopener\">: https:\/\/web.rentalcarmanager.com\/api32\/Camper-Iceland\/Step2<\/a> <\/p>\n","protected":false},"excerpt":{"rendered":"<p>Chers amis de Camper Iceland B\u00e2le - Keflavik \u00c7a y est, EasyJet dessert \u00e0 nouveau l&rsquo;Islande apr\u00e8s une pause de plusieurs ann\u00e9es. Nous avons regard\u00e9 les prix. Aujourd&rsquo;hui 19.12.2024, la situation est la suivante : on ne peut pas faire moins cher. Si vous r\u00e9servez votre vol maintenant et que vous louez un camping-car ou [&hellip;]<\/p>\n","protected":false},"author":1,"featured_media":68859,"comment_status":"open","ping_status":"open","sticky":false,"template":"","format":"standard","meta":{"_acf_changed":false,"jetpack_post_was_ever_published":false,"_jetpack_newsletter_access":"","_jetpack_dont_email_post_to_subs":false,"_jetpack_newsletter_tier_id":0,"_jetpack_memberships_contains_paywalled_content":false,"_jetpack_memberships_contains_paid_content":false,"footnotes":""},"categories":[232],"tags":[],"class_list":["post-68862","post","type-post","status-publish","format-standard","has-post-thumbnail","hentry","category-actualites-et-mises-a-jour-des-produits"],"acf":[],"jetpack_featured_media_url":"https:\/\/i0.wp.com\/www.camper.is\/wp-content\/uploads\/2024\/12\/IMG_0381.jpeg?fit=1627%2C1164&quality=80&ssl=1","jetpack_sharing_enabled":true,"jetpack_shortlink":"https:\/\/wp.me\/p569lP-hUG","jetpack-related-posts":[{"id":72015,"url":"https:\/\/www.camper.is\/fr\/vous-avez-deja-prevu-d-echapper-a-la-chaleur-de-l-ete\/","url_meta":{"origin":68862,"position":0},"title":"Vous avez d\u00e9j\u00e0 pr\u00e9vu d \u00ab \u00e9chapper \u00e0 la chaleur de l \u00bb \u00e9t\u00e9 ?","author":"Marion Johnson","date":"21 juin 2025","format":false,"excerpt":"C'est le moment id\u00e9al - avec notre offre de derni\u00e8re minute pour les locations de camping-cars en juillet 2025, vous pouvez \u00e9conomiser jusqu'\u00e0 15% sur les tarifs de location journaliers ! Trois \u00e9tapes seulement vous s\u00e9parent de votre aventure islandaise : 1. R\u00e9servez votre camping-car Choisissez votre camping-car id\u00e9al et\u2026","rel":"","context":"Dans &quot;Actualit\u00e9s et mises \u00e0 jour des produits&quot;","block_context":{"text":"Actualit\u00e9s et mises \u00e0 jour des produits","link":"https:\/\/www.camper.is\/fr\/actualites-et-mises-a-jour-des-produits\/"},"img":{"alt_text":"","src":"","width":0,"height":0},"classes":[]},{"id":74808,"url":"https:\/\/www.camper.is\/fr\/vous-ne-trouvez-pas-de-skyr-au-supermarche-voici-ou-se-trouve-la-vraie-magie\/","url_meta":{"origin":68862,"position":1},"title":"Vous ne trouvez pas de Skyr au supermarch\u00e9 ? Voici o\u00f9 se trouve la vraie magie","author":"Marion Johnson","date":"26 mars 2026","format":false,"excerpt":"Ne vous contentez pas d'une cuiller\u00e9e. Faites l'exp\u00e9rience de la source.R\u00e9cemment, les supermarch\u00e9s de toute l'Europe se sont trouv\u00e9s en rupture de stock de Skyr. Une tendance virale, des rayons vides - tout \u00e0 coup, tout le monde veut go\u00fbter \u00e0 l'Islande.Cela en dit peut-\u00eatre long sur le moment que\u2026","rel":"","context":"Dans &quot;Actualit\u00e9s et mises \u00e0 jour des produits&quot;","block_context":{"text":"Actualit\u00e9s et mises \u00e0 jour des produits","link":"https:\/\/www.camper.is\/fr\/actualites-et-mises-a-jour-des-produits\/"},"img":{"alt_text":"Keflavik 2026 mars","src":"https:\/\/i0.wp.com\/www.camper.is\/wp-content\/uploads\/2026\/03\/WhatsApp-Image-2026-03-05-at-7.08.37-PM-1.jpeg?fit=1200%2C901&quality=80&ssl=1&resize=350%2C200","width":350,"height":200,"srcset":"https:\/\/i0.wp.com\/www.camper.is\/wp-content\/uploads\/2026\/03\/WhatsApp-Image-2026-03-05-at-7.08.37-PM-1.jpeg?fit=1200%2C901&quality=80&ssl=1&resize=350%2C200 1x, https:\/\/i0.wp.com\/www.camper.is\/wp-content\/uploads\/2026\/03\/WhatsApp-Image-2026-03-05-at-7.08.37-PM-1.jpeg?fit=1200%2C901&quality=80&ssl=1&resize=525%2C300 1.5x, https:\/\/i0.wp.com\/www.camper.is\/wp-content\/uploads\/2026\/03\/WhatsApp-Image-2026-03-05-at-7.08.37-PM-1.jpeg?fit=1200%2C901&quality=80&ssl=1&resize=700%2C400 2x, https:\/\/i0.wp.com\/www.camper.is\/wp-content\/uploads\/2026\/03\/WhatsApp-Image-2026-03-05-at-7.08.37-PM-1.jpeg?fit=1200%2C901&quality=80&ssl=1&resize=1050%2C600 3x"},"classes":[]},{"id":74755,"url":"https:\/\/www.camper.is\/fr\/decouvrez-lislande-au-printemps-beneficiez-de-20-de-reduction-sur-votre-aventure-en-islande-en-camping-car\/","url_meta":{"origin":68862,"position":2},"title":"D\u00e9couvrez l&rsquo;Islande au printemps - B\u00e9n\u00e9ficiez de 20% de r\u00e9duction sur votre aventure en Islande en camping-car","author":"Marion Johnson","date":"26 mars 2026","format":false,"excerpt":"Le printemps en Islande est une p\u00e9riode vraiment sp\u00e9ciale pour voyager. Alors que le pays se r\u00e9veille de l'hiver, les chutes d'eau sont puissantes gr\u00e2ce \u00e0 l'eau de fonte des glaciers, les paysages commencent \u00e0 verdir et les jours s'allongent avec une belle lumi\u00e8re douce sur les montagnes et les\u2026","rel":"","context":"Dans &quot;Actualit\u00e9s et mises \u00e0 jour des produits&quot;","block_context":{"text":"Actualit\u00e9s et mises \u00e0 jour des produits","link":"https:\/\/www.camper.is\/fr\/actualites-et-mises-a-jour-des-produits\/"},"img":{"alt_text":"L'Islande en mai","src":"https:\/\/i0.wp.com\/www.camper.is\/wp-content\/uploads\/2026\/03\/3EF4418F-AE47-4A2B-A5A5-4CF900343B38.jpeg?fit=1200%2C801&quality=80&ssl=1&resize=350%2C200","width":350,"height":200,"srcset":"https:\/\/i0.wp.com\/www.camper.is\/wp-content\/uploads\/2026\/03\/3EF4418F-AE47-4A2B-A5A5-4CF900343B38.jpeg?fit=1200%2C801&quality=80&ssl=1&resize=350%2C200 1x, https:\/\/i0.wp.com\/www.camper.is\/wp-content\/uploads\/2026\/03\/3EF4418F-AE47-4A2B-A5A5-4CF900343B38.jpeg?fit=1200%2C801&quality=80&ssl=1&resize=525%2C300 1.5x, https:\/\/i0.wp.com\/www.camper.is\/wp-content\/uploads\/2026\/03\/3EF4418F-AE47-4A2B-A5A5-4CF900343B38.jpeg?fit=1200%2C801&quality=80&ssl=1&resize=700%2C400 2x, https:\/\/i0.wp.com\/www.camper.is\/wp-content\/uploads\/2026\/03\/3EF4418F-AE47-4A2B-A5A5-4CF900343B38.jpeg?fit=1200%2C801&quality=80&ssl=1&resize=1050%2C600 3x"},"classes":[]},{"id":71034,"url":"https:\/\/www.camper.is\/fr\/profitez-du-reveil-de-la-nature-observation-des-baleines-et-des-aurores-boreales-en-avril-voyagez-en-camping-car-et-en-4x4\/","url_meta":{"origin":68862,"position":3},"title":"Profitez du r\u00e9veil de la nature - Observation des baleines et des aurores bor\u00e9ales en avril ! Voyagez en camping-car et en 4&#215;4","author":"Marion Johnson","date":"12 mars 2025","format":false,"excerpt":"Chers amis islandais J'esp\u00e8re que ce message vous trouvera en bonne sant\u00e9 et que vous vous r\u00e9jouirez de la saison printani\u00e8re qui s'annonce. Alors que les jours rallongent et que l'emprise de l'hiver se rel\u00e2che, l'Islande se transforme en un spectacle \u00e9poustouflant de beaut\u00e9 naturelle. Le mois d'avril offre une\u2026","rel":"","context":"Dans &quot;Actualit\u00e9s et mises \u00e0 jour des produits&quot;","block_context":{"text":"Actualit\u00e9s et mises \u00e0 jour des produits","link":"https:\/\/www.camper.is\/fr\/actualites-et-mises-a-jour-des-produits\/"},"img":{"alt_text":"","src":"","width":0,"height":0},"classes":[]},{"id":75609,"url":"https:\/\/www.camper.is\/fr\/decouvrez-gullfoss-et-economisez-30-sur-votre-aventure-de-printemps-en-islande-en-camping-car-et-4x4\/","url_meta":{"origin":68862,"position":4},"title":"D\u00e9couvrez Gullfoss et \u00e9conomisez 30% sur votre aventure de printemps en Islande en camping-car et 4&#215;4 !","author":"Marion Johnson","date":"6 avril 2026","format":false,"excerpt":"Vous r\u00eavez du pays du feu et de la glace ? La meilleure fa\u00e7on de d\u00e9couvrir les paysages \u00e9poustouflants de l'Islande - des aurores bor\u00e9ales tardives d'avril \u00e0 la lumi\u00e8re du jour sans fin de juin - est de profiter de la libert\u00e9 et de la flexibilit\u00e9 d'une maison sur\u2026","rel":"","context":"Dans &quot;Actualit\u00e9s et mises \u00e0 jour des produits&quot;","block_context":{"text":"Actualit\u00e9s et mises \u00e0 jour des produits","link":"https:\/\/www.camper.is\/fr\/actualites-et-mises-a-jour-des-produits\/"},"img":{"alt_text":"Gullfoss","src":"https:\/\/i0.wp.com\/www.camper.is\/wp-content\/uploads\/2026\/04\/WhatsApp-Image-2025-09-01-at-10.49.38-AM-1.jpeg?fit=900%2C1200&quality=80&ssl=1&resize=350%2C200","width":350,"height":200,"srcset":"https:\/\/i0.wp.com\/www.camper.is\/wp-content\/uploads\/2026\/04\/WhatsApp-Image-2025-09-01-at-10.49.38-AM-1.jpeg?fit=900%2C1200&quality=80&ssl=1&resize=350%2C200 1x, https:\/\/i0.wp.com\/www.camper.is\/wp-content\/uploads\/2026\/04\/WhatsApp-Image-2025-09-01-at-10.49.38-AM-1.jpeg?fit=900%2C1200&quality=80&ssl=1&resize=525%2C300 1.5x, https:\/\/i0.wp.com\/www.camper.is\/wp-content\/uploads\/2026\/04\/WhatsApp-Image-2025-09-01-at-10.49.38-AM-1.jpeg?fit=900%2C1200&quality=80&ssl=1&resize=700%2C400 2x"},"classes":[]},{"id":74809,"url":"https:\/\/www.camper.is\/fr\/explorez-lislande-a-votre-facon-15-de-reduction-sur-les-locations-de-4x4-et-de-camping-cars-en-juin-2026\/","url_meta":{"origin":68862,"position":5},"title":"Explorez l&rsquo;Islande \u00e0 votre fa\u00e7on - 15% de r\u00e9duction sur les locations de 4&#215;4 et de camping-cars en juin 2026","author":"Marion Johnson","date":"26 mars 2026","format":false,"excerpt":"Cher client de Camper Iceland, Vous r\u00eavez d'un jour sans fin, de paysages \u00e0 couper le souffle et d'une libert\u00e9 totale sur la route ? Le mois de juin est l'un des meilleurs mois pour d\u00e9couvrir l'Islande - et maintenant, c'est encore mieux. Pour une dur\u00e9e limit\u00e9e, nous offrons une\u2026","rel":"","context":"Dans &quot;Actualit\u00e9s et mises \u00e0 jour des produits&quot;","block_context":{"text":"Actualit\u00e9s et mises \u00e0 jour des produits","link":"https:\/\/www.camper.is\/fr\/actualites-et-mises-a-jour-des-produits\/"},"img":{"alt_text":"","src":"https:\/\/i0.wp.com\/www.camper.is\/wp-content\/uploads\/2019\/11\/motor_home_6-3.jpeg?fit=1200%2C802&quality=80&ssl=1&resize=350%2C200","width":350,"height":200,"srcset":"https:\/\/i0.wp.com\/www.camper.is\/wp-content\/uploads\/2019\/11\/motor_home_6-3.jpeg?fit=1200%2C802&quality=80&ssl=1&resize=350%2C200 1x, https:\/\/i0.wp.com\/www.camper.is\/wp-content\/uploads\/2019\/11\/motor_home_6-3.jpeg?fit=1200%2C802&quality=80&ssl=1&resize=525%2C300 1.5x, https:\/\/i0.wp.com\/www.camper.is\/wp-content\/uploads\/2019\/11\/motor_home_6-3.jpeg?fit=1200%2C802&quality=80&ssl=1&resize=700%2C400 2x, https:\/\/i0.wp.com\/www.camper.is\/wp-content\/uploads\/2019\/11\/motor_home_6-3.jpeg?fit=1200%2C802&quality=80&ssl=1&resize=1050%2C600 3x"},"classes":[]}],"_links":{"self":[{"href":"https:\/\/www.camper.is\/fr\/wp-json\/wp\/v2\/posts\/68862","targetHints":{"allow":["GET"]}}],"collection":[{"href":"https:\/\/www.camper.is\/fr\/wp-json\/wp\/v2\/posts"}],"about":[{"href":"https:\/\/www.camper.is\/fr\/wp-json\/wp\/v2\/types\/post"}],"author":[{"embeddable":true,"href":"https:\/\/www.camper.is\/fr\/wp-json\/wp\/v2\/users\/1"}],"replies":[{"embeddable":true,"href":"https:\/\/www.camper.is\/fr\/wp-json\/wp\/v2\/comments?post=68862"}],"version-history":[{"count":0,"href":"https:\/\/www.camper.is\/fr\/wp-json\/wp\/v2\/posts\/68862\/revisions"}],"wp:featuredmedia":[{"embeddable":true,"href":"https:\/\/www.camper.is\/fr\/wp-json\/wp\/v2\/media\/68859"}],"wp:attachment":[{"href":"https:\/\/www.camper.is\/fr\/wp-json\/wp\/v2\/media?parent=68862"}],"wp:term":[{"taxonomy":"category","embeddable":true,"href":"https:\/\/www.camper.is\/fr\/wp-json\/wp\/v2\/categories?post=68862"},{"taxonomy":"post_tag","embeddable":true,"href":"https:\/\/www.camper.is\/fr\/wp-json\/wp\/v2\/tags?post=68862"}],"curies":[{"name":"wp","href":"https:\/\/api.w.org\/{rel}","templated":true}]}}