{"id":57324,"date":"2023-07-10T17:01:01","date_gmt":"2023-07-10T17:01:01","guid":{"rendered":"https:\/\/www.camper.is\/nous-sommes-enthousiastes-leruption-volcanique-vient-de-commencer\/"},"modified":"2023-07-10T17:01:01","modified_gmt":"2023-07-10T17:01:01","slug":"nous-sommes-enthousiastes-leruption-volcanique-vient-de-commencer","status":"publish","type":"post","link":"https:\/\/www.camper.is\/fr\/nous-sommes-enthousiastes-leruption-volcanique-vient-de-commencer\/","title":{"rendered":"Nous sommes enthousiastes : L&rsquo;\u00e9ruption volcanique vient de commencer"},"content":{"rendered":"<p>Nous sommes ravis et nous vous enverrons des photos d\u00e8s que nous en saurons plus. Nous ne savons pas encore \u00e0 quoi ressemble le volcan et \u00e0 quel point les touristes peuvent s&rsquo;en approcher. Suivez notre page Facebook ou notre page web pour en savoir plus. La photo provient du dernier volcan au m\u00eame endroit.<\/p>\n<p><a href=\"https:\/\/i0.wp.com\/www.camper.is\/wp-content\/uploads\/2021\/07\/volcano21.jpg?quality=80&#038;ssl=1\"><img data-recalc-dims=\"1\" loading=\"lazy\" decoding=\"async\" class=\"alignnone size-full wp-image-48598\" src=\"https:\/\/i0.wp.com\/www.camper.is\/wp-content\/uploads\/2021\/07\/volcano21.jpg?resize=1080%2C721&#038;quality=80&#038;ssl=1\" alt=\"\" width=\"1080\" height=\"721\" title=\"\" srcset=\"https:\/\/www.camper.is\/wp-content\/uploads\/2021\/07\/volcano21.jpg 1084w, https:\/\/www.camper.is\/wp-content\/uploads\/2021\/07\/volcano21-980x655.jpg 980w, https:\/\/www.camper.is\/wp-content\/uploads\/2021\/07\/volcano21-480x321.jpg 480w\" sizes=\"(min-width: 0px) and (max-width: 480px) 480px, (min-width: 481px) and (max-width: 980px) 980px, (min-width: 981px) 1084px, 100vw\" \/><\/a><\/p>\n<p><strong>Une \u00e9ruption a commenc\u00e9 sur la p\u00e9ninsule de Reykjanes, une fois de plus. Cette information est confirm\u00e9e par l&rsquo;Office m\u00e9t\u00e9orologique d&rsquo;Islande.<\/strong><\/p>\n<p>Une semaine seulement s&rsquo;est \u00e9coul\u00e9e depuis que mbl.is, le premier m\u00e9dia, a signal\u00e9 qu&rsquo;une large bande de terre avait \u00e9t\u00e9 observ\u00e9e dans toute la p\u00e9ninsule.<\/p>\n<p>Dans l&rsquo;apr\u00e8s-midi du lendemain, mardi 4 juillet, une importante s\u00e9rie de tremblements de terre s&rsquo;est produite dans la r\u00e9gion. Plus d&rsquo;un millier de tremblements de terre se sont produits au cours de la semaine \u00e9coul\u00e9e, dont plusieurs d&rsquo;une magnitude sup\u00e9rieure \u00e0 4.<\/p>\n<h3>Le magma a \u00e9t\u00e9 collect\u00e9<\/h3>\n<p>\u00ab\u00a0Cela signifie probablement que le magma s&rsquo;accumule dans des zones similaires \u00e0 celles o\u00f9 il s&rsquo;est accumul\u00e9 ces derni\u00e8res ann\u00e9es. Le centre de ce ph\u00e9nom\u00e8ne se trouve sous le Fagradalsfjall, sur les pistes situ\u00e9es sous les volcans\u00a0\u00bb, a d\u00e9clar\u00e9 Benedikt Gunnar \u00d3feigsson, expert dans le domaine des mouvements de la cro\u00fbte terrestre, lors d&rsquo;une interview accord\u00e9e \u00e0 mbl.is il y a une semaine.<\/p>\n<p>source : https:\/\/www.mbl.is\/frettir\/innlent\/2023\/07\/10\/eldgos_hafid_a_reykjanesskaga\/<\/p>\n","protected":false},"excerpt":{"rendered":"<p>Nous sommes ravis et nous vous enverrons des photos d\u00e8s que nous en saurons plus. Nous ne savons pas encore \u00e0 quoi ressemble le volcan et \u00e0 quel point les touristes peuvent s&rsquo;en approcher. Suivez notre page Facebook ou notre page web pour en savoir plus. La photo provient du dernier volcan au m\u00eame endroit. [&hellip;]<\/p>\n","protected":false},"author":1,"featured_media":48863,"comment_status":"open","ping_status":"open","sticky":false,"template":"","format":"standard","meta":{"_acf_changed":false,"jetpack_post_was_ever_published":false,"_jetpack_newsletter_access":"","_jetpack_dont_email_post_to_subs":false,"_jetpack_newsletter_tier_id":0,"_jetpack_memberships_contains_paywalled_content":false,"_jetpack_memberships_contains_paid_content":false,"footnotes":""},"categories":[276],"tags":[],"class_list":["post-57324","post","type-post","status-publish","format-standard","has-post-thumbnail","hentry","category-volcan"],"acf":[],"jetpack_featured_media_url":"https:\/\/i0.wp.com\/www.camper.is\/wp-content\/uploads\/2021\/07\/263EDF75-05EF-40F5-B56D-8DCF9DDB644D.jpeg?fit=1280%2C960&quality=80&ssl=1","jetpack_sharing_enabled":true,"jetpack_shortlink":"https:\/\/wp.me\/p569lP-eUA","jetpack-related-posts":[{"id":56278,"url":"https:\/\/www.camper.is\/fr\/le-volcan-reviendra-t-il\/","url_meta":{"origin":57324,"position":0},"title":"Le volcan reviendra-t-il ?","author":"admin","date":"6 juillet 2023","format":false,"excerpt":"Les touristes visitent d\u00e9j\u00e0 la r\u00e9gion Les tremblements de terre ont commenc\u00e9 dans la p\u00e9ninsule de Reykjanes mardi dernier. Plus de trois mille tremblements de terre ont \u00e9t\u00e9 enregistr\u00e9s depuis lors. Les m\u00e9dias locaux rapportent qu'un syst\u00e8me de SMS a \u00e9t\u00e9 install\u00e9 pour avertir la population en cas d'incident. Dans\u2026","rel":"","context":"Dans &quot;VOLCAN&quot;","block_context":{"text":"VOLCAN","link":"https:\/\/www.camper.is\/fr\/actualites-et-mises-a-jour-des-produits\/volcan\/"},"img":{"alt_text":"","src":"https:\/\/i0.wp.com\/www.camper.is\/wp-content\/uploads\/2022\/08\/DSC04733-scaled.jpg?fit=1200%2C802&quality=80&ssl=1&resize=350%2C200","width":350,"height":200,"srcset":"https:\/\/i0.wp.com\/www.camper.is\/wp-content\/uploads\/2022\/08\/DSC04733-scaled.jpg?fit=1200%2C802&quality=80&ssl=1&resize=350%2C200 1x, https:\/\/i0.wp.com\/www.camper.is\/wp-content\/uploads\/2022\/08\/DSC04733-scaled.jpg?fit=1200%2C802&quality=80&ssl=1&resize=525%2C300 1.5x, https:\/\/i0.wp.com\/www.camper.is\/wp-content\/uploads\/2022\/08\/DSC04733-scaled.jpg?fit=1200%2C802&quality=80&ssl=1&resize=700%2C400 2x, https:\/\/i0.wp.com\/www.camper.is\/wp-content\/uploads\/2022\/08\/DSC04733-scaled.jpg?fit=1200%2C802&quality=80&ssl=1&resize=1050%2C600 3x"},"classes":[]},{"id":59189,"url":"https:\/\/www.camper.is\/fr\/le-volcan-vient-de-commencer-retransmission-en-direct\/","url_meta":{"origin":57324,"position":1},"title":"Le Volcan vient de commencer - retransmission en direct","author":"admin","date":"19 d\u00e9cembre 2023","format":false,"excerpt":"Derni\u00e8res nouvelles d'Islande Pour la quatri\u00e8me fois en seulement trois ans, nous sommes en mesure d'envoyer le message \"le volcan vient de repartir\". Le journal Morgunbla\u00f0i\u00f0 vient d'\u00e9crire ce qui suit : \"Une \u00e9ruption a commenc\u00e9 sur la p\u00e9ninsule de Reykjanes, la quatri\u00e8me en trois ans. L'incendie s'est d\u00e9clar\u00e9 au\u2026","rel":"","context":"Dans &quot;VOLCAN&quot;","block_context":{"text":"VOLCAN","link":"https:\/\/www.camper.is\/fr\/actualites-et-mises-a-jour-des-produits\/volcan\/"},"img":{"alt_text":"","src":"https:\/\/i0.wp.com\/www.camper.is\/wp-content\/uploads\/2023\/12\/volcano_2023.png?fit=1200%2C802&quality=72&ssl=1&resize=350%2C200","width":350,"height":200,"srcset":"https:\/\/i0.wp.com\/www.camper.is\/wp-content\/uploads\/2023\/12\/volcano_2023.png?fit=1200%2C802&quality=72&ssl=1&resize=350%2C200 1x, https:\/\/i0.wp.com\/www.camper.is\/wp-content\/uploads\/2023\/12\/volcano_2023.png?fit=1200%2C802&quality=72&ssl=1&resize=525%2C300 1.5x, https:\/\/i0.wp.com\/www.camper.is\/wp-content\/uploads\/2023\/12\/volcano_2023.png?fit=1200%2C802&quality=72&ssl=1&resize=700%2C400 2x, https:\/\/i0.wp.com\/www.camper.is\/wp-content\/uploads\/2023\/12\/volcano_2023.png?fit=1200%2C802&quality=72&ssl=1&resize=1050%2C600 3x"},"classes":[]},{"id":45264,"url":"https:\/\/www.camper.is\/fr\/le-volcan-va-eclater\/","url_meta":{"origin":57324,"position":2},"title":"Le volcan va \u00e9clater","author":"admin","date":"3 mars 2021","format":false,"excerpt":"Maintenant \u00e9coutez ceci, maintenant \u00e9coutez ceci! V\u00ed\u00f0ir Reynisson, chef du d\u00e9partement de la protection civile et de la gestion des urgences vient de d\u00e9clarer que le volcan pourrait en fait \u00e9clater en quelques minutes ou quelques heures. Il n'y a pas encore de preuve, mais tous les signes sont l\u00e0\u2026","rel":"","context":"Dans &quot;Actualit\u00e9s et mises \u00e0 jour des produits&quot;","block_context":{"text":"Actualit\u00e9s et mises \u00e0 jour des produits","link":"https:\/\/www.camper.is\/fr\/actualites-et-mises-a-jour-des-produits\/"},"img":{"alt_text":"","src":"https:\/\/i0.wp.com\/www.camper.is\/wp-content\/uploads\/2021\/03\/7FCCF453-4688-4E20-8E79-7F5A8680DF0B.jpeg?fit=1200%2C901&quality=80&ssl=1&resize=350%2C200","width":350,"height":200,"srcset":"https:\/\/i0.wp.com\/www.camper.is\/wp-content\/uploads\/2021\/03\/7FCCF453-4688-4E20-8E79-7F5A8680DF0B.jpeg?fit=1200%2C901&quality=80&ssl=1&resize=350%2C200 1x, https:\/\/i0.wp.com\/www.camper.is\/wp-content\/uploads\/2021\/03\/7FCCF453-4688-4E20-8E79-7F5A8680DF0B.jpeg?fit=1200%2C901&quality=80&ssl=1&resize=525%2C300 1.5x, https:\/\/i0.wp.com\/www.camper.is\/wp-content\/uploads\/2021\/03\/7FCCF453-4688-4E20-8E79-7F5A8680DF0B.jpeg?fit=1200%2C901&quality=80&ssl=1&resize=700%2C400 2x, https:\/\/i0.wp.com\/www.camper.is\/wp-content\/uploads\/2021\/03\/7FCCF453-4688-4E20-8E79-7F5A8680DF0B.jpeg?fit=1200%2C901&quality=80&ssl=1&resize=1050%2C600 3x"},"classes":[]},{"id":54017,"url":"https:\/\/www.camper.is\/fr\/le-volcan-est-de-retour-islande\/","url_meta":{"origin":57324,"position":3},"title":"Le volcan est de retour - Islande","author":"admin","date":"3 ao\u00fbt 2022","format":false,"excerpt":"Chers amis de Camper Iceland Le Volcan est de nouveau en ligne ! Nous avons promis \u00e0 plusieurs clients d'informer imm\u00e9diatement si le volcan entrait \u00e0 nouveau en \u00e9ruption. Maintenant, \u00e9coutez \u00e7a ! Maintenant, \u00e9coutez \u00e7a ! Il a retrouv\u00e9 sa gloire d'antan. Certains disent que cette \u00e9ruption est diff\u00e9rente\u2026","rel":"","context":"Dans &quot;VOLCAN&quot;","block_context":{"text":"VOLCAN","link":"https:\/\/www.camper.is\/fr\/actualites-et-mises-a-jour-des-produits\/volcan\/"},"img":{"alt_text":"","src":"https:\/\/i0.wp.com\/www.camper.is\/wp-content\/uploads\/2022\/08\/DSC04733-scaled.jpg?fit=1200%2C802&quality=80&ssl=1&resize=350%2C200","width":350,"height":200,"srcset":"https:\/\/i0.wp.com\/www.camper.is\/wp-content\/uploads\/2022\/08\/DSC04733-scaled.jpg?fit=1200%2C802&quality=80&ssl=1&resize=350%2C200 1x, https:\/\/i0.wp.com\/www.camper.is\/wp-content\/uploads\/2022\/08\/DSC04733-scaled.jpg?fit=1200%2C802&quality=80&ssl=1&resize=525%2C300 1.5x, https:\/\/i0.wp.com\/www.camper.is\/wp-content\/uploads\/2022\/08\/DSC04733-scaled.jpg?fit=1200%2C802&quality=80&ssl=1&resize=700%2C400 2x, https:\/\/i0.wp.com\/www.camper.is\/wp-content\/uploads\/2022\/08\/DSC04733-scaled.jpg?fit=1200%2C802&quality=80&ssl=1&resize=1050%2C600 3x"},"classes":[]},{"id":75016,"url":"https:\/\/www.camper.is\/fr\/la-peninsule-de-reykjanes-est-une-merveille-geologique\/","url_meta":{"origin":57324,"position":4},"title":"La p\u00e9ninsule de Reykjanes est une merveille g\u00e9ologique","author":"Marion Johnson","date":"26 mars 2026","format":false,"excerpt":"La p\u00e9ninsule de Reykjanes, en Islande, offre un aper\u00e7u fascinant des m\u00e9canismes internes de la Terre. Cette r\u00e9gion est une merveille g\u00e9ologique o\u00f9 les plaques tectoniques nord-am\u00e9ricaine et eurasienne s'\u00e9cartent l'une de l'autre, cr\u00e9ant un paysage dynamique rempli d'activit\u00e9 volcanique, de sources chaudes et de champs de lave escarp\u00e9s, anciens\u2026","rel":"","context":"Dans &quot;VOLCAN&quot;","block_context":{"text":"VOLCAN","link":"https:\/\/www.camper.is\/fr\/actualites-et-mises-a-jour-des-produits\/volcan\/"},"img":{"alt_text":"","src":"https:\/\/i0.wp.com\/www.camper.is\/wp-content\/uploads\/2021\/06\/gos.jpg?fit=1200%2C800&quality=80&ssl=1&resize=350%2C200","width":350,"height":200,"srcset":"https:\/\/i0.wp.com\/www.camper.is\/wp-content\/uploads\/2021\/06\/gos.jpg?fit=1200%2C800&quality=80&ssl=1&resize=350%2C200 1x, https:\/\/i0.wp.com\/www.camper.is\/wp-content\/uploads\/2021\/06\/gos.jpg?fit=1200%2C800&quality=80&ssl=1&resize=525%2C300 1.5x, https:\/\/i0.wp.com\/www.camper.is\/wp-content\/uploads\/2021\/06\/gos.jpg?fit=1200%2C800&quality=80&ssl=1&resize=700%2C400 2x, https:\/\/i0.wp.com\/www.camper.is\/wp-content\/uploads\/2021\/06\/gos.jpg?fit=1200%2C800&quality=80&ssl=1&resize=1050%2C600 3x"},"classes":[]},{"id":53636,"url":"https:\/\/www.camper.is\/fr\/attention-tempete-prevue-pour-les-prochains-jours-qui-affectera-les-deplacements\/","url_meta":{"origin":57324,"position":5},"title":"ATTENTION! Temp\u00eate pr\u00e9vue pour les prochains jours qui affectera les d\u00e9placements","author":"Marion Johnson","date":"7 juin 2022","format":false,"excerpt":"\u00a0 Vous y trouverez les conditions m\u00e9t\u00e9orologiques et routi\u00e8res r\u00e9elles en Islande :\u00a0https:\/\/www.campericeland.is\/en\/information\/actual-road-condition\/ \u00a0 Conditions m\u00e9t\u00e9orologiques et routi\u00e8res\u00a0: ATTENTION! Temp\u00eate pr\u00e9vue pour les prochains jours qui affectera les d\u00e9placements \u2013 d'autant plus que de nombreuses voitures sont d\u00e9sormais \u00e9quip\u00e9es pour les conditions printemps\/\u00e9t\u00e9. Il est important d'informer les visiteurs des\u2026","rel":"","context":"Dans &quot;Actualit\u00e9s et mises \u00e0 jour des produits&quot;","block_context":{"text":"Actualit\u00e9s et mises \u00e0 jour des produits","link":"https:\/\/www.camper.is\/fr\/actualites-et-mises-a-jour-des-produits\/"},"img":{"alt_text":"","src":"https:\/\/i0.wp.com\/www.camper.is\/wp-content\/uploads\/2017\/05\/DSC00362medium.2x.1446006682-300x225.jpg?resize=350%2C200&quality=80&ssl=1","width":350,"height":200},"classes":[]}],"_links":{"self":[{"href":"https:\/\/www.camper.is\/fr\/wp-json\/wp\/v2\/posts\/57324","targetHints":{"allow":["GET"]}}],"collection":[{"href":"https:\/\/www.camper.is\/fr\/wp-json\/wp\/v2\/posts"}],"about":[{"href":"https:\/\/www.camper.is\/fr\/wp-json\/wp\/v2\/types\/post"}],"author":[{"embeddable":true,"href":"https:\/\/www.camper.is\/fr\/wp-json\/wp\/v2\/users\/1"}],"replies":[{"embeddable":true,"href":"https:\/\/www.camper.is\/fr\/wp-json\/wp\/v2\/comments?post=57324"}],"version-history":[{"count":0,"href":"https:\/\/www.camper.is\/fr\/wp-json\/wp\/v2\/posts\/57324\/revisions"}],"wp:featuredmedia":[{"embeddable":true,"href":"https:\/\/www.camper.is\/fr\/wp-json\/wp\/v2\/media\/48863"}],"wp:attachment":[{"href":"https:\/\/www.camper.is\/fr\/wp-json\/wp\/v2\/media?parent=57324"}],"wp:term":[{"taxonomy":"category","embeddable":true,"href":"https:\/\/www.camper.is\/fr\/wp-json\/wp\/v2\/categories?post=57324"},{"taxonomy":"post_tag","embeddable":true,"href":"https:\/\/www.camper.is\/fr\/wp-json\/wp\/v2\/tags?post=57324"}],"curies":[{"name":"wp","href":"https:\/\/api.w.org\/{rel}","templated":true}]}}