{"id":53783,"date":"2022-06-27T06:24:43","date_gmt":"2022-06-27T06:24:43","guid":{"rendered":"https:\/\/www.camper.is\/landmannalaugar-est-ouvert\/"},"modified":"2022-06-27T06:24:43","modified_gmt":"2022-06-27T06:24:43","slug":"landmannalaugar-est-ouvert","status":"publish","type":"post","link":"https:\/\/www.camper.is\/fr\/landmannalaugar-est-ouvert\/","title":{"rendered":"Landmannalaugar est ouvert"},"content":{"rendered":"<p>Chers amis de Camper Iceland<\/p>\n<p>L&rsquo;administration islandaise des routes a ouvert la route vers Landmannalaugar via la centrale \u00e9lectrique de Sigalda. L&rsquo;ouverture de Landmannalei\u00f0 sera \u00e9court\u00e9e, et il est pr\u00e9vu qu&rsquo;elle soit accessible en jeep ce week-end, selon les informations de Magn\u00fas Ingi J\u00f3nsson \u00e0 l&rsquo;administration.<\/p>\n<p>Une nouvelle carte des hautes terres, publi\u00e9e par Vegager\u00f0in ce matin, montre en diagonale les zones des hautes terres o\u00f9 la conduite est toujours interdite. <a href=\"https:\/\/www.vegagerdin.is\/media\/umferd-og-faerd\/Halendi.pdf\" target=\"_blank\" rel=\"noopener\">Trouvez-le ici&#8230;<\/a><\/p>\n<p><strong>M\u00eame si l&rsquo;interdiction de circuler a \u00e9t\u00e9 lev\u00e9e, cela ne signifie pas que la route est devenue praticable<\/strong> , et les usagers de la route devront \u00e9galement se familiariser avec les cartes de circulation de Vegager\u00f0in (administration routi\u00e8re), s&rsquo;ils pr\u00e9voient de voyager dans les hautes terres.<\/p>\n<p>Kjalvegur a \u00e9t\u00e9 la premi\u00e8re grande route des hautes terres \u00e0 ouvrir cet \u00e9t\u00e9, mais Kj\u00f6lur est devenu disponible le 10 juin. Kaldadalsvegur \u00e9tait plus tard sur le voyage mais il a ouvert le 13 juin. Cependant, une quantit\u00e9 consid\u00e9rable de neige est encore sur Sprengisandslei\u00f0 et il ne devrait pas s&rsquo;ouvrir avant la fin du mois, selon Magn\u00fas Ingi.<\/p>\n<p>Les deux routes de Fjallabak sont toujours impraticables. Cependant, une partie du Fjallabakslei\u00f0 au nord de Skaft\u00e1rtunga et jusqu&rsquo;\u00e0 Eldgj\u00e1 a \u00e9t\u00e9 ouverte. Cependant, il faudra attendre au moins trois semaines pour que la route s&rsquo;ouvre entre Landmannalaugar et Eldgj\u00e1r, o\u00f9 le pont sur J\u00f6kulgilskv\u00edsl sera endommag\u00e9.<\/p>\n<p>Il y a beaucoup de neige sur M\u00e6lisfellssandur et Fjallabakslei\u00f0 sy\u00f0ri ne devrait pas ouvrir avant la fin du mois. Cependant, Emstrulei\u00f0 de Flj\u00f3tshl\u00ed\u00f0, route F261, devrait \u00eatre disponible ce week-end.<\/p>\n<p>\u00c0 Skaft\u00e1rhreppur, Lakalei\u00f0 \u00e0 Fagrafoss a \u00e9t\u00e9 ouvert et on esp\u00e8re que la route vers Lakag\u00edgar s&rsquo;ouvrira apr\u00e8s le week-end.<\/p>\n<p>&nbsp;<\/p>\n<p>Source : visir.is ; vegagerdin.is<\/p>\n","protected":false},"excerpt":{"rendered":"<p>Chers amis de Camper Iceland L&rsquo;administration islandaise des routes a ouvert la route vers Landmannalaugar via la centrale \u00e9lectrique de Sigalda. L&rsquo;ouverture de Landmannalei\u00f0 sera \u00e9court\u00e9e, et il est pr\u00e9vu qu&rsquo;elle soit accessible en jeep ce week-end, selon les informations de Magn\u00fas Ingi J\u00f3nsson \u00e0 l&rsquo;administration. Une nouvelle carte des hautes terres, publi\u00e9e par Vegager\u00f0in [&hellip;]<\/p>\n","protected":false},"author":1,"featured_media":0,"comment_status":"open","ping_status":"open","sticky":false,"template":"","format":"standard","meta":{"_acf_changed":false,"jetpack_post_was_ever_published":false,"_jetpack_newsletter_access":"","_jetpack_dont_email_post_to_subs":false,"_jetpack_newsletter_tier_id":0,"_jetpack_memberships_contains_paywalled_content":false,"_jetpack_memberships_contains_paid_content":false,"footnotes":""},"categories":[232,287],"tags":[],"class_list":["post-53783","post","type-post","status-publish","format-standard","hentry","category-actualites-et-mises-a-jour-des-produits","category-voyage-successions-tresors-caches"],"acf":[],"jetpack_featured_media_url":"","jetpack_sharing_enabled":true,"jetpack_shortlink":"https:\/\/wp.me\/p569lP-dZt","jetpack-related-posts":[{"id":72176,"url":"https:\/\/www.camper.is\/fr\/les-routes-de-highland-sont-desormais-ouvertes\/","url_meta":{"origin":53783,"position":0},"title":"Les routes de Highland sont d\u00e9sormais ouvertes !","author":"Marion Johnson","date":"21 juillet 2025","format":false,"excerpt":"Nous avons le plaisir de vous annoncer que l'Administration islandaise des routes et du littoral a officiellement ouvert toutes les routes des hautes terres. Selon leur derni\u00e8re annonce, il n'y a actuellement aucune fermeture de route dans les r\u00e9gions montagneuses. Cependant, sachez que les conditions peuvent changer rapidement et que\u2026","rel":"","context":"Dans &quot;Actualit\u00e9s et mises \u00e0 jour des produits&quot;","block_context":{"text":"Actualit\u00e9s et mises \u00e0 jour des produits","link":"https:\/\/www.camper.is\/fr\/actualites-et-mises-a-jour-des-produits\/"},"img":{"alt_text":"landmannalaugar","src":"https:\/\/i0.wp.com\/www.camper.is\/wp-content\/uploads\/2025\/07\/ab5fcecd-11e7-4204-a070-313ff90e6ad2.jpeg?fit=1200%2C900&quality=80&ssl=1&resize=350%2C200","width":350,"height":200,"srcset":"https:\/\/i0.wp.com\/www.camper.is\/wp-content\/uploads\/2025\/07\/ab5fcecd-11e7-4204-a070-313ff90e6ad2.jpeg?fit=1200%2C900&quality=80&ssl=1&resize=350%2C200 1x, https:\/\/i0.wp.com\/www.camper.is\/wp-content\/uploads\/2025\/07\/ab5fcecd-11e7-4204-a070-313ff90e6ad2.jpeg?fit=1200%2C900&quality=80&ssl=1&resize=525%2C300 1.5x, https:\/\/i0.wp.com\/www.camper.is\/wp-content\/uploads\/2025\/07\/ab5fcecd-11e7-4204-a070-313ff90e6ad2.jpeg?fit=1200%2C900&quality=80&ssl=1&resize=700%2C400 2x, https:\/\/i0.wp.com\/www.camper.is\/wp-content\/uploads\/2025\/07\/ab5fcecd-11e7-4204-a070-313ff90e6ad2.jpeg?fit=1200%2C900&quality=80&ssl=1&resize=1050%2C600 3x"},"classes":[]},{"id":53636,"url":"https:\/\/www.camper.is\/fr\/attention-tempete-prevue-pour-les-prochains-jours-qui-affectera-les-deplacements\/","url_meta":{"origin":53783,"position":1},"title":"ATTENTION! Temp\u00eate pr\u00e9vue pour les prochains jours qui affectera les d\u00e9placements","author":"Marion Johnson","date":"7 juin 2022","format":false,"excerpt":"\u00a0 Vous y trouverez les conditions m\u00e9t\u00e9orologiques et routi\u00e8res r\u00e9elles en Islande :\u00a0https:\/\/www.campericeland.is\/en\/information\/actual-road-condition\/ \u00a0 Conditions m\u00e9t\u00e9orologiques et routi\u00e8res\u00a0: ATTENTION! Temp\u00eate pr\u00e9vue pour les prochains jours qui affectera les d\u00e9placements \u2013 d'autant plus que de nombreuses voitures sont d\u00e9sormais \u00e9quip\u00e9es pour les conditions printemps\/\u00e9t\u00e9. Il est important d'informer les visiteurs des\u2026","rel":"","context":"Dans &quot;Actualit\u00e9s et mises \u00e0 jour des produits&quot;","block_context":{"text":"Actualit\u00e9s et mises \u00e0 jour des produits","link":"https:\/\/www.camper.is\/fr\/actualites-et-mises-a-jour-des-produits\/"},"img":{"alt_text":"","src":"https:\/\/i0.wp.com\/www.camper.is\/wp-content\/uploads\/2017\/05\/DSC00362medium.2x.1446006682-300x225.jpg?resize=350%2C200&quality=80&ssl=1","width":350,"height":200},"classes":[]},{"id":53632,"url":"https:\/\/www.camper.is\/fr\/le-highland-islandais-est-il-ouvert\/","url_meta":{"origin":53783,"position":2},"title":"Le Highland islandais est-il ouvert ?","author":"Marion Johnson","date":"7 juin 2022","format":false,"excerpt":"\u00a0 Les conditions routi\u00e8res et les pr\u00e9visions m\u00e9t\u00e9orologiques doivent \u00eatre v\u00e9rifi\u00e9es plusieurs fois par jour car les pr\u00e9visions ne sont pas fiables \u00e0 100 % si longtemps \u00e0 l'avance.\u00a0https:\/\/www.campericeland.is\/en\/information\/actual-road-condition\/ Conditions m\u00e9t\u00e9orologiques et routi\u00e8res\u00a0: Rien d'alarmant dans les pr\u00e9visions m\u00e9t\u00e9o \u00e0 l'heure o\u00f9 nous parlons. Les routes des hautes terres sont\u2026","rel":"","context":"Dans &quot;Actualit\u00e9s et mises \u00e0 jour des produits&quot;","block_context":{"text":"Actualit\u00e9s et mises \u00e0 jour des produits","link":"https:\/\/www.camper.is\/fr\/actualites-et-mises-a-jour-des-produits\/"},"img":{"alt_text":"","src":"https:\/\/i0.wp.com\/www.camper.is\/wp-content\/uploads\/2017\/05\/NIK0857medium_large.2x.1440349858-300x199.jpg?resize=350%2C200&quality=80&ssl=1","width":350,"height":200},"classes":[]},{"id":53639,"url":"https:\/\/www.camper.is\/fr\/au-cours-des-prochains-jours-nous-nous-attendons-a-des-temperatures-nocturnes-froides-dans-le-nord-est-de-lislande\/","url_meta":{"origin":53783,"position":3},"title":"Au cours des prochains jours, nous nous attendons \u00e0 des temp\u00e9ratures nocturnes froides dans le nord-est de l&rsquo;Islande","author":"Marion Johnson","date":"7 juin 2022","format":false,"excerpt":"\u00a0 Au cours des prochains jours, nous nous attendons \u00e0 des temp\u00e9ratures nocturnes froides dans le nord-est de l'Islande. Risques de routes verglac\u00e9es le matin et tard le soir sur les routes \u00e0 plus de 200-300 m. La plupart des voitures ne sont plus \u00e9quip\u00e9es pour ces conditions, il est\u2026","rel":"","context":"Dans &quot;Actualit\u00e9s et mises \u00e0 jour des produits&quot;","block_context":{"text":"Actualit\u00e9s et mises \u00e0 jour des produits","link":"https:\/\/www.camper.is\/fr\/actualites-et-mises-a-jour-des-produits\/"},"img":{"alt_text":"","src":"https:\/\/i0.wp.com\/www.campericeland.is\/wp-content\/uploads\/2015\/11\/island-winter-00128medium_large.1440350138-300x199.jpg?resize=350%2C200&quality=80&ssl=1","width":350,"height":200},"classes":[]},{"id":53584,"url":"https:\/\/www.camper.is\/fr\/veuillez-verifier-les-previsions-meteorologiques-pour-les-prochains-jours-avant-de-commencer-votre-voyage\/","url_meta":{"origin":53783,"position":4},"title":"Veuillez v\u00e9rifier les pr\u00e9visions m\u00e9t\u00e9orologiques pour les prochains jours avant de commencer votre voyage","author":"Marion Johnson","date":"7 juin 2022","format":false,"excerpt":"\u00a0 \u00a0 Voil\u00e0 les pr\u00e9visions pour les prochains jours. Les conditions routi\u00e8res et les pr\u00e9visions m\u00e9t\u00e9orologiques doivent \u00eatre v\u00e9rifi\u00e9es plusieurs fois par jour car les pr\u00e9visions donn\u00e9es ne sont pas fiables \u00e0 100 % si longtemps \u00e0 l'avance.\u00a0https:\/\/www.campericeland.is\/en\/information\/actual-road-condition\/ \u00a0 Conditions m\u00e9t\u00e9orologiques et routi\u00e8res\u00a0: Il continuera de neiger dans le nord\u2026","rel":"","context":"Dans &quot;Actualit\u00e9s et mises \u00e0 jour des produits&quot;","block_context":{"text":"Actualit\u00e9s et mises \u00e0 jour des produits","link":"https:\/\/www.camper.is\/fr\/actualites-et-mises-a-jour-des-produits\/"},"img":{"alt_text":"","src":"https:\/\/i0.wp.com\/www.campericeland.is\/wp-content\/uploads\/2014\/08\/Island2014-57-300x200.jpg?resize=350%2C200&quality=80&ssl=1","width":350,"height":200},"classes":[]},{"id":53699,"url":"https:\/\/www.camper.is\/fr\/voyagez-en-toute-securite-verifiez-les-conditions-meteorologiques-reelles\/","url_meta":{"origin":53783,"position":5},"title":"Voyagez en toute s\u00e9curit\u00e9, v\u00e9rifiez les conditions m\u00e9t\u00e9orologiques r\u00e9elles","author":"Marion Johnson","date":"7 juin 2022","format":false,"excerpt":"\u00a0 \u00a0 M\u00e9t\u00e9o et conditions sur les routes principales : Il y aura des vents violents le long des montagnes tout au long de la semaine, cela devrait \u00eatre particuli\u00e8rement pris en compte pour les camping-cars. Sinon rien d'anormal dans les pr\u00e9visions pour l'instant. \u00a0V\u00e9rifiez la m\u00e9t\u00e9o et les conditions\u2026","rel":"","context":"Dans &quot;Actualit\u00e9s et mises \u00e0 jour des produits&quot;","block_context":{"text":"Actualit\u00e9s et mises \u00e0 jour des produits","link":"https:\/\/www.camper.is\/fr\/actualites-et-mises-a-jour-des-produits\/"},"img":{"alt_text":"","src":"https:\/\/i0.wp.com\/www.camper.is\/wp-content\/uploads\/2017\/06\/20131116162009-6d4bdeedmedium_large.2x.1440349916-300x200.jpg?resize=350%2C200&quality=80&ssl=1","width":350,"height":200},"classes":[]}],"_links":{"self":[{"href":"https:\/\/www.camper.is\/fr\/wp-json\/wp\/v2\/posts\/53783","targetHints":{"allow":["GET"]}}],"collection":[{"href":"https:\/\/www.camper.is\/fr\/wp-json\/wp\/v2\/posts"}],"about":[{"href":"https:\/\/www.camper.is\/fr\/wp-json\/wp\/v2\/types\/post"}],"author":[{"embeddable":true,"href":"https:\/\/www.camper.is\/fr\/wp-json\/wp\/v2\/users\/1"}],"replies":[{"embeddable":true,"href":"https:\/\/www.camper.is\/fr\/wp-json\/wp\/v2\/comments?post=53783"}],"version-history":[{"count":0,"href":"https:\/\/www.camper.is\/fr\/wp-json\/wp\/v2\/posts\/53783\/revisions"}],"wp:attachment":[{"href":"https:\/\/www.camper.is\/fr\/wp-json\/wp\/v2\/media?parent=53783"}],"wp:term":[{"taxonomy":"category","embeddable":true,"href":"https:\/\/www.camper.is\/fr\/wp-json\/wp\/v2\/categories?post=53783"},{"taxonomy":"post_tag","embeddable":true,"href":"https:\/\/www.camper.is\/fr\/wp-json\/wp\/v2\/tags?post=53783"}],"curies":[{"name":"wp","href":"https:\/\/api.w.org\/{rel}","templated":true}]}}