{"id":50181,"date":"2022-04-20T11:54:31","date_gmt":"2022-04-20T11:54:31","guid":{"rendered":"https:\/\/www.camper.is\/17-tout-nouveaux-campeurs\/"},"modified":"2022-04-20T11:54:31","modified_gmt":"2022-04-20T11:54:31","slug":"17-tout-nouveaux-campeurs","status":"publish","type":"post","link":"https:\/\/www.camper.is\/fr\/17-tout-nouveaux-campeurs\/","title":{"rendered":"17 tout nouveaux campeurs"},"content":{"rendered":"<p><a href=\"http:\/\/www.campericeland.is\/wp-content\/uploads\/2014\/01\/januar.pdf\" target=\"_blank\" rel=\"noopener\">V\u00e9rifiez le PDF<\/a><\/p>\n<p>Cher agent<\/p>\n<p>Camper Iceland est consid\u00e9r\u00e9 comme l&rsquo;un des loueurs de camping-cars et de camping-cars 4&#215;4 les plus anciens et les plus fiables d&rsquo;Islande.<\/p>\n<p>Cet hiver, la marque a \u00e9t\u00e9 int\u00e9gr\u00e9e au Groupe 1933.<\/p>\n<p>Le groupe est synonyme de fiabilit\u00e9 dans de nombreuses branches. Restaurant, H\u00f4tels, Chambres d&rsquo;H\u00f4tes et Tour Op\u00e9rateur pour les agents de voyages \u00e9trangers. Le service le plus ancien remonte \u00e0 l&rsquo;ann\u00e9e 1933 et c&rsquo;est de l\u00e0 que vient le nom du groupe.<\/p>\n<p>Notre \u00e9quipe suisse\/islandaise a fait une \u00e9valuation de la marque \u00ab\u00a0Camper Iceland\u00a0\u00bb l&rsquo;hiver dernier avec un seul objectif. Une relation \u00e0 long terme avec vous!<\/p>\n<p>Nous sommes fiers d&rsquo;annoncer plusieurs changements qui reposent sur des contributions et des rencontres avec des agents comme vous.<\/p>\n<p>Nous sommes impatients de travailler pour vous \u00e0 l&rsquo;avenir et si vous venez en Islande, n&rsquo;h\u00e9sitez pas \u00e0 nous rendre visite !<\/p>\n<p>Au nom de notre \u00e9quipe<\/p>\n<p>Daniel K. Johnson<br \/>\nDirecteur g\u00e9n\u00e9ral<\/p>\n","protected":false},"excerpt":{"rendered":"<p>V\u00e9rifiez le PDF Cher agent Camper Iceland est consid\u00e9r\u00e9 comme l&rsquo;un des loueurs de camping-cars et de camping-cars 4&#215;4 les plus anciens et les plus fiables d&rsquo;Islande. Cet hiver, la marque a \u00e9t\u00e9 int\u00e9gr\u00e9e au Groupe 1933. Le groupe est synonyme de fiabilit\u00e9 dans de nombreuses branches. Restaurant, H\u00f4tels, Chambres d&rsquo;H\u00f4tes et Tour Op\u00e9rateur pour [&hellip;]<\/p>\n","protected":false},"author":1,"featured_media":28432,"comment_status":"closed","ping_status":"closed","sticky":false,"template":"","format":"standard","meta":{"_acf_changed":false,"jetpack_post_was_ever_published":false,"_jetpack_newsletter_access":"","_jetpack_dont_email_post_to_subs":false,"_jetpack_newsletter_tier_id":0,"_jetpack_memberships_contains_paywalled_content":false,"_jetpack_memberships_contains_paid_content":false,"footnotes":""},"categories":[232],"tags":[],"class_list":["post-50181","post","type-post","status-publish","format-standard","has-post-thumbnail","hentry","category-actualites-et-mises-a-jour-des-produits"],"acf":[],"jetpack_featured_media_url":"https:\/\/i0.wp.com\/www.camper.is\/wp-content\/uploads\/2014\/01\/Screen-Shot-2014-01-24-at-10.41.37-AM.png?fit=622%2C356&quality=72&ssl=1","jetpack_sharing_enabled":true,"jetpack_shortlink":"https:\/\/wp.me\/p569lP-d3n","jetpack-related-posts":[{"id":50180,"url":"https:\/\/www.camper.is\/fr\/la-plus-grande-location-dislande\/","url_meta":{"origin":50181,"position":0},"title":"La plus grande location d&rsquo;Islande","author":"admin","date":"20 avril 2022","format":false,"excerpt":"Bienvenue chez Camper Islande Vous \u00eates \u00e0 la recherche d'un camping-car ou d'un camping-car 4x4 ? Ne cherchez pas plus loin, vous avez trouv\u00e9 la plus grande motor Home et Camper Rental Station en Islande. Notre \u00e9quipe g\u00e8re une flotte combin\u00e9e de plus de 130 v\u00e9hicules. Notre flotte est divis\u00e9e\u2026","rel":"","context":"Dans &quot;Actualit\u00e9s et mises \u00e0 jour des produits&quot;","block_context":{"text":"Actualit\u00e9s et mises \u00e0 jour des produits","link":"https:\/\/www.camper.is\/fr\/actualites-et-mises-a-jour-des-produits\/"},"img":{"alt_text":"","src":"https:\/\/i0.wp.com\/www.camper.is\/wp-content\/uploads\/2011\/08\/camper-landmannalaugar-300x199.jpg?resize=350%2C200&quality=80&ssl=1","width":350,"height":200},"classes":[]},{"id":71799,"url":"https:\/\/www.camper.is\/fr\/decouvrez-lislande-a-votre-facon-avec-un-camping-car-ou-un-4x4\/","url_meta":{"origin":50181,"position":1},"title":"D\u00e9couvrez l&rsquo;Islande \u00e0 votre fa\u00e7on - avec un camping-car ou un 4&#215;4","author":"Marion Johnson","date":"6 juin 2025","format":false,"excerpt":"Vivez l'Islande diff\u00e9remment - m\u00eame la neige en \u00e9t\u00e9 ! L'Islande n'est pas un pays comme les autres. O\u00f9 ailleurs pouvez-vous vous r\u00e9veiller avec des chutes de neige en \u00e9t\u00e9, profiter de la lumi\u00e8re du jour sans fin pendant les courtes nuits et admirer des merveilles naturelles \u00e0 couper le\u2026","rel":"","context":"Dans &quot;Actualit\u00e9s et mises \u00e0 jour des produits&quot;","block_context":{"text":"Actualit\u00e9s et mises \u00e0 jour des produits","link":"https:\/\/www.camper.is\/fr\/actualites-et-mises-a-jour-des-produits\/"},"img":{"alt_text":"glacier lagoon","src":"https:\/\/i0.wp.com\/www.camper.is\/wp-content\/uploads\/2025\/06\/WhatsApp-Image-2025-06-06-at-2.53.41-PM.jpeg?fit=1200%2C675&quality=80&ssl=1&resize=350%2C200","width":350,"height":200,"srcset":"https:\/\/i0.wp.com\/www.camper.is\/wp-content\/uploads\/2025\/06\/WhatsApp-Image-2025-06-06-at-2.53.41-PM.jpeg?fit=1200%2C675&quality=80&ssl=1&resize=350%2C200 1x, https:\/\/i0.wp.com\/www.camper.is\/wp-content\/uploads\/2025\/06\/WhatsApp-Image-2025-06-06-at-2.53.41-PM.jpeg?fit=1200%2C675&quality=80&ssl=1&resize=525%2C300 1.5x, https:\/\/i0.wp.com\/www.camper.is\/wp-content\/uploads\/2025\/06\/WhatsApp-Image-2025-06-06-at-2.53.41-PM.jpeg?fit=1200%2C675&quality=80&ssl=1&resize=700%2C400 2x, https:\/\/i0.wp.com\/www.camper.is\/wp-content\/uploads\/2025\/06\/WhatsApp-Image-2025-06-06-at-2.53.41-PM.jpeg?fit=1200%2C675&quality=80&ssl=1&resize=1050%2C600 3x"},"classes":[]},{"id":69284,"url":"https:\/\/www.camper.is\/fr\/69284\/","url_meta":{"origin":50181,"position":2},"title":"La visite de l&rsquo;Islande en 2025 doit figurer sur votre liste de voyage","author":"Marion Johnson","date":"13 janvier 2025","format":false,"excerpt":"Nous souhaitons partager avec vous quelques raisons passionnantes pour lesquelles la visite de l'Islande en 2025 devrait figurer sur votre liste de voyages. L'Islande, souvent appel\u00e9e \"Terre de feu et de glace\", est un pays qui offre un m\u00e9lange unique de merveilles naturelles. Des chutes d'eau \u00e0 couper le souffle,\u2026","rel":"","context":"Dans &quot;News &amp; Travel Blog&quot;","block_context":{"text":"News &amp; Travel Blog","link":"https:\/\/www.camper.is\/iceland-camper-travel-blog\/"},"img":{"alt_text":"","src":"https:\/\/i0.wp.com\/www.camper.is\/wp-content\/uploads\/2025\/01\/DSCF0500-scaled.jpg?fit=1200%2C800&quality=80&ssl=1&resize=350%2C200","width":350,"height":200,"srcset":"https:\/\/i0.wp.com\/www.camper.is\/wp-content\/uploads\/2025\/01\/DSCF0500-scaled.jpg?fit=1200%2C800&quality=80&ssl=1&resize=350%2C200 1x, https:\/\/i0.wp.com\/www.camper.is\/wp-content\/uploads\/2025\/01\/DSCF0500-scaled.jpg?fit=1200%2C800&quality=80&ssl=1&resize=525%2C300 1.5x, https:\/\/i0.wp.com\/www.camper.is\/wp-content\/uploads\/2025\/01\/DSCF0500-scaled.jpg?fit=1200%2C800&quality=80&ssl=1&resize=700%2C400 2x, https:\/\/i0.wp.com\/www.camper.is\/wp-content\/uploads\/2025\/01\/DSCF0500-scaled.jpg?fit=1200%2C800&quality=80&ssl=1&resize=1050%2C600 3x"},"classes":[]},{"id":74809,"url":"https:\/\/www.camper.is\/fr\/explorez-lislande-a-votre-facon-15-de-reduction-sur-les-locations-de-4x4-et-de-camping-cars-en-juin-2026\/","url_meta":{"origin":50181,"position":3},"title":"Explorez l&rsquo;Islande \u00e0 votre fa\u00e7on - 15% de r\u00e9duction sur les locations de 4&#215;4 et de camping-cars en juin 2026","author":"Marion Johnson","date":"26 mars 2026","format":false,"excerpt":"Cher client de Camper Iceland, Vous r\u00eavez d'un jour sans fin, de paysages \u00e0 couper le souffle et d'une libert\u00e9 totale sur la route ? Le mois de juin est l'un des meilleurs mois pour d\u00e9couvrir l'Islande - et maintenant, c'est encore mieux. Pour une dur\u00e9e limit\u00e9e, nous offrons une\u2026","rel":"","context":"Dans &quot;Actualit\u00e9s et mises \u00e0 jour des produits&quot;","block_context":{"text":"Actualit\u00e9s et mises \u00e0 jour des produits","link":"https:\/\/www.camper.is\/fr\/actualites-et-mises-a-jour-des-produits\/"},"img":{"alt_text":"","src":"https:\/\/i0.wp.com\/www.camper.is\/wp-content\/uploads\/2019\/11\/motor_home_6-3.jpeg?fit=1200%2C802&quality=80&ssl=1&resize=350%2C200","width":350,"height":200,"srcset":"https:\/\/i0.wp.com\/www.camper.is\/wp-content\/uploads\/2019\/11\/motor_home_6-3.jpeg?fit=1200%2C802&quality=80&ssl=1&resize=350%2C200 1x, https:\/\/i0.wp.com\/www.camper.is\/wp-content\/uploads\/2019\/11\/motor_home_6-3.jpeg?fit=1200%2C802&quality=80&ssl=1&resize=525%2C300 1.5x, https:\/\/i0.wp.com\/www.camper.is\/wp-content\/uploads\/2019\/11\/motor_home_6-3.jpeg?fit=1200%2C802&quality=80&ssl=1&resize=700%2C400 2x, https:\/\/i0.wp.com\/www.camper.is\/wp-content\/uploads\/2019\/11\/motor_home_6-3.jpeg?fit=1200%2C802&quality=80&ssl=1&resize=1050%2C600 3x"},"classes":[]},{"id":70849,"url":"https:\/\/www.camper.is\/fr\/le-pays-le-plus-sur-du-monde\/","url_meta":{"origin":50181,"position":4},"title":"Le pays le plus s\u00fbr du monde","author":"admin","date":"10 f\u00e9vrier 2025","format":false,"excerpt":"Une remise de 35 % est accord\u00e9e pour l'avant-saison et nos camping-cars neufs. \u00c9coutons tout d'abord Marion, de l'\u00e9quipe de vente, nous parler de cette op\u00e9ration. Chers amis Si vous \u00eates novice en mati\u00e8re de voyages internationaux, les inconnues peuvent souvent vous sembler d\u00e9courageantes. Toutefois, si vous \u00eates pr\u00eat \u00e0\u2026","rel":"","context":"Dans &quot;Actualit\u00e9s et mises \u00e0 jour des produits&quot;","block_context":{"text":"Actualit\u00e9s et mises \u00e0 jour des produits","link":"https:\/\/www.camper.is\/fr\/actualites-et-mises-a-jour-des-produits\/"},"img":{"alt_text":"","src":"https:\/\/i0.wp.com\/www.camper.is\/wp-content\/uploads\/2025\/02\/f800f92d-4f9f-415e-a56b-d91249dd2434-1.jpg?fit=1107%2C749&quality=80&ssl=1&resize=350%2C200","width":350,"height":200,"srcset":"https:\/\/i0.wp.com\/www.camper.is\/wp-content\/uploads\/2025\/02\/f800f92d-4f9f-415e-a56b-d91249dd2434-1.jpg?fit=1107%2C749&quality=80&ssl=1&resize=350%2C200 1x, https:\/\/i0.wp.com\/www.camper.is\/wp-content\/uploads\/2025\/02\/f800f92d-4f9f-415e-a56b-d91249dd2434-1.jpg?fit=1107%2C749&quality=80&ssl=1&resize=525%2C300 1.5x, https:\/\/i0.wp.com\/www.camper.is\/wp-content\/uploads\/2025\/02\/f800f92d-4f9f-415e-a56b-d91249dd2434-1.jpg?fit=1107%2C749&quality=80&ssl=1&resize=700%2C400 2x, https:\/\/i0.wp.com\/www.camper.is\/wp-content\/uploads\/2025\/02\/f800f92d-4f9f-415e-a56b-d91249dd2434-1.jpg?fit=1107%2C749&quality=80&ssl=1&resize=1050%2C600 3x"},"classes":[]},{"id":76245,"url":"https:\/\/www.camper.is\/fr\/les-plans-tardifs-peuvent-se-transformer-en-aventures-extraordinaires-surtout-lorsquils-vous-menent-en-islande\/","url_meta":{"origin":50181,"position":5},"title":"Les plans tardifs peuvent se transformer en aventures extraordinaires, surtout lorsqu&rsquo;ils vous m\u00e8nent en Islande.","author":"Marion Johnson","date":"22 avril 2026","format":false,"excerpt":"Si vous envisagez une escapade spontan\u00e9e en mai ou en juin, c'est le moment id\u00e9al. Avec moins de monde, des heures de clart\u00e9 plus longues et une nature qui reprend vie, l'Islande montre un visage vraiment sp\u00e9cial au d\u00e9but de l'\u00e9t\u00e9. Et pour ceux qui sont pr\u00eats \u00e0 se d\u00e9cider\u2026","rel":"","context":"Dans &quot;Actualit\u00e9s et mises \u00e0 jour des produits&quot;","block_context":{"text":"Actualit\u00e9s et mises \u00e0 jour des produits","link":"https:\/\/www.camper.is\/fr\/actualites-et-mises-a-jour-des-produits\/"},"img":{"alt_text":"","src":"https:\/\/i0.wp.com\/www.camper.is\/wp-content\/uploads\/2026\/04\/276A8638-copy-scaled.jpeg?fit=1200%2C800&quality=80&ssl=1&resize=350%2C200","width":350,"height":200,"srcset":"https:\/\/i0.wp.com\/www.camper.is\/wp-content\/uploads\/2026\/04\/276A8638-copy-scaled.jpeg?fit=1200%2C800&quality=80&ssl=1&resize=350%2C200 1x, https:\/\/i0.wp.com\/www.camper.is\/wp-content\/uploads\/2026\/04\/276A8638-copy-scaled.jpeg?fit=1200%2C800&quality=80&ssl=1&resize=525%2C300 1.5x, https:\/\/i0.wp.com\/www.camper.is\/wp-content\/uploads\/2026\/04\/276A8638-copy-scaled.jpeg?fit=1200%2C800&quality=80&ssl=1&resize=700%2C400 2x, https:\/\/i0.wp.com\/www.camper.is\/wp-content\/uploads\/2026\/04\/276A8638-copy-scaled.jpeg?fit=1200%2C800&quality=80&ssl=1&resize=1050%2C600 3x"},"classes":[]}],"_links":{"self":[{"href":"https:\/\/www.camper.is\/fr\/wp-json\/wp\/v2\/posts\/50181","targetHints":{"allow":["GET"]}}],"collection":[{"href":"https:\/\/www.camper.is\/fr\/wp-json\/wp\/v2\/posts"}],"about":[{"href":"https:\/\/www.camper.is\/fr\/wp-json\/wp\/v2\/types\/post"}],"author":[{"embeddable":true,"href":"https:\/\/www.camper.is\/fr\/wp-json\/wp\/v2\/users\/1"}],"replies":[{"embeddable":true,"href":"https:\/\/www.camper.is\/fr\/wp-json\/wp\/v2\/comments?post=50181"}],"version-history":[{"count":0,"href":"https:\/\/www.camper.is\/fr\/wp-json\/wp\/v2\/posts\/50181\/revisions"}],"wp:featuredmedia":[{"embeddable":true,"href":"https:\/\/www.camper.is\/fr\/wp-json\/wp\/v2\/media\/28432"}],"wp:attachment":[{"href":"https:\/\/www.camper.is\/fr\/wp-json\/wp\/v2\/media?parent=50181"}],"wp:term":[{"taxonomy":"category","embeddable":true,"href":"https:\/\/www.camper.is\/fr\/wp-json\/wp\/v2\/categories?post=50181"},{"taxonomy":"post_tag","embeddable":true,"href":"https:\/\/www.camper.is\/fr\/wp-json\/wp\/v2\/tags?post=50181"}],"curies":[{"name":"wp","href":"https:\/\/api.w.org\/{rel}","templated":true}]}}