{"id":41631,"date":"2019-11-17T16:43:54","date_gmt":"2019-11-17T16:43:54","guid":{"rendered":"https:\/\/www.campericeland.is\/10-rabais-sur-les-leve-tot\/"},"modified":"2026-04-07T06:13:15","modified_gmt":"2026-04-07T06:13:15","slug":"10-rabais-sur-les-leve-tot","status":"publish","type":"post","link":"https:\/\/www.camper.is\/fr\/10-rabais-sur-les-leve-tot\/","title":{"rendered":"10 % de r\u00e9duction pour les r\u00e9servations anticip\u00e9es"},"content":{"rendered":"<div class=\"et_pb_section_0 et_pb_section et_section_regular et_block_section\"><div class=\"et_pb_row_0 et_pb_row et_block_row\"><div class=\"et_pb_column_0 et_pb_column et_pb_column_4_4 et-last-child et_block_column et_pb_css_mix_blend_mode_passthrough\"><div class=\"et_pb_cta_0 et_pb_promo et_pb_bg_layout_dark et_pb_module et_block_module\"><div class=\"et_pb_promo_description et_multi_view_hidden\"><\/div><div class=\"et_pb_button_wrapper\"><a class=\"et_pb_button et_pb_promo_button\" target=\"_blank\" href=\"https:\/\/web.rentalcarmanager.com\/api32\/Camper-Iceland\/Step2\" rel=\"noreferrer noopener\">R\u00c9SERVEZ MAINTENANT<\/a><\/div><\/div><\/div><\/div><\/div><div class=\"et_pb_section_1 et_pb_section et_section_regular et_block_section\"><div class=\"et_pb_row_1 et_pb_row et_block_row\"><div class=\"et_pb_column_1 et_pb_column et_pb_column_1_3 et_block_column et_pb_css_mix_blend_mode_passthrough\"><div class=\"et_pb_blurb_0 et_pb_blurb et_pb_bg_layout_light et_pb_blurb_position_top et_pb_module et_block_module\"><div class=\"et_pb_blurb_content\"><div class=\"et_pb_main_blurb_image\"><span class=\"et_pb_image_wrap et_pb_only_image_mode_wrap\"><img data-recalc-dims=\"1\" loading=\"lazy\" decoding=\"async\" src=\"https:\/\/i0.wp.com\/www.camper.is\/wp-content\/uploads\/2019\/11\/earlybird_5_2020.jpg?resize=1080%2C717&#038;quality=80&#038;ssl=1\" width=\"1080\" height=\"717\" srcset=\"https:\/\/www.camper.is\/wp-content\/uploads\/2019\/11\/earlybird_5_2020.jpg 1088w, https:\/\/www.camper.is\/wp-content\/uploads\/2019\/11\/earlybird_5_2020-980x650.jpg 980w, https:\/\/www.camper.is\/wp-content\/uploads\/2019\/11\/earlybird_5_2020-480x319.jpg 480w\" sizes=\"(min-width: 0px) and (max-width: 480px) 480px, (min-width: 481px) and (max-width: 980px) 980px, (min-width: 981px) 1088px, 100vw\" class=\"et_animated wp-image-27023\" alt=\"\" title=\"\"><\/span><\/div><div class=\"et_pb_blurb_container\"><h4 class=\"et_pb_module_header\">Remise suivante<\/h4><div class=\"et_pb_blurb_description\"><p>Nous avons d\u00e9cid\u00e9 d'ajouter une r\u00e9duction de 5 % en janvier 2020 pour les r\u00e9servations effectu\u00e9es en 2020. Ainsi, si vous ne b\u00e9n\u00e9ficiez pas de la r\u00e9duction de 10 %, vous pouvez tout de m\u00eame profiter d'une r\u00e9duction.  <\/p>\n<\/div><\/div><\/div><\/div><\/div><div class=\"et_pb_column_2 et_pb_column et_pb_column_1_3 et_block_column et_pb_css_mix_blend_mode_passthrough\"><div class=\"et_pb_blurb_1 et_pb_blurb et_pb_bg_layout_light et_pb_text_align_center et_pb_blurb_position_top et_pb_module et_block_module\"><div class=\"et_pb_blurb_content\"><div class=\"et_pb_main_blurb_image\"><a href=\"https:\/\/web.rentalcarmanager.com\/api32\/Camper-Iceland\/Step2\" target=\"_blank\" rel=\"noopener\"><span class=\"et_pb_image_wrap\"><span class=\"et-pb-icon et_animated et_animated\">\ue0ed<\/span><\/span><\/a><\/div><div class=\"et_pb_blurb_container\"><h4 class=\"et_pb_module_header\"><a href=\"https:\/\/web.rentalcarmanager.com\/api32\/Camper-Iceland\/Step2\" target=\"_blank\" rel=\"noopener\">R\u00e9duction sur les l\u00e8ve-t\u00f4t<\/a><\/h4><div class=\"et_pb_blurb_description\"><p>Notre r\u00e9duction est valable pour les r\u00e9servations en 2020 qui sont saisies dans notre syst\u00e8me de r\u00e9servation en ligne jusqu'au 31.12.2019.<\/p>\n<\/div><\/div><\/div><\/div><div class=\"et_pb_cta_1 et_pb_promo et_pb_bg_layout_dark et_pb_module et_block_module\"><div class=\"et_pb_promo_description\"><h2 class=\"et_pb_module_header\">Pr\u00eat \u00e0 aller en Islande<\/h2><div class=\"et_pb_promo_content\"><p>Qu'est-ce que t'attends? Allons en Islande...<\/p>\n<\/div><\/div><div class=\"et_pb_button_wrapper\"><a class=\"et_pb_button et_pb_promo_button\" target=\"_blank\" href=\"https:\/\/web.rentalcarmanager.com\/api32\/Camper-Iceland\/Step2\" rel=\"noreferrer noopener\">R\u00e9servez maintenant<\/a><\/div><\/div><\/div><div class=\"et_pb_column_3 et_pb_column et_pb_column_1_3 et-last-child et_block_column et_pb_css_mix_blend_mode_passthrough\"><div class=\"et_pb_cta_2 et_pb_promo et_pb_bg_layout_dark et_pb_module et_block_module\"><div class=\"et_pb_promo_description\"><h2 class=\"et_pb_module_header\">Choisissez le bon v\u00e9hicule<\/h2><div class=\"et_pb_promo_content\"><p>Nous avons 9 cat\u00e9gories de v\u00e9hicules \u00e0 choisir. Voulez-vous vous inspirer par le bon v\u00e9hicule pour votre voyage en Islande. Nous avons pr\u00e9par\u00e9 un article qui vous aide \u00e0 en apprendre davantage sur l'Islande, la fa\u00e7on de voyager autour de l'Islande et quel v\u00e9hicule vous devriez choisir. <\/p>\n<\/div><\/div><div class=\"et_pb_button_wrapper\"><a class=\"et_pb_button et_pb_promo_button\" href=\"https:\/\/www.camper.is\/vegvisir-wayfinder-for-travellers\/how-to-choose-the-right-motor-home-and-4x4-camper-for-iceland\/\">Lire la suite.<\/a><\/div><\/div><\/div><\/div><\/div>","protected":false},"excerpt":{"rendered":"","protected":false},"author":1,"featured_media":40384,"comment_status":"closed","ping_status":"closed","sticky":false,"template":"","format":"standard","meta":{"_acf_changed":false,"jetpack_post_was_ever_published":false,"_jetpack_newsletter_access":"","_jetpack_dont_email_post_to_subs":false,"_jetpack_newsletter_tier_id":0,"_jetpack_memberships_contains_paywalled_content":false,"_jetpack_memberships_contains_paid_content":false,"footnotes":""},"categories":[232,235],"tags":[201],"class_list":["post-41631","post","type-post","status-publish","format-standard","has-post-thumbnail","hentry","category-actualites-et-mises-a-jour-des-produits","category-offres-speciales-et-concours","tag-discount"],"acf":[],"jetpack_featured_media_url":"https:\/\/i0.wp.com\/www.camper.is\/wp-content\/uploads\/2019\/11\/earlybird2020.jpg?fit=1088%2C722&quality=80&ssl=1","jetpack_sharing_enabled":true,"jetpack_shortlink":"https:\/\/wp.me\/p569lP-aPt","jetpack-related-posts":[{"id":75702,"url":"https:\/\/www.camper.is\/fr\/vous-avez-deja-planifie-vos-vacances-pour-2022-soyez-un-leve-tot-et-profitez-de-nos-reductions-pour-leve-tot\/","url_meta":{"origin":41631,"position":0},"title":"Vous avez d\u00e9j\u00e0 planifi\u00e9 vos vacances pour 2022 ? Soyez un l\u00e8ve-t\u00f4t et profitez de nos r\u00e9ductions pour l\u00e8ve-t\u00f4t !","author":"Marion Johnson","date":"7 avril 2026","format":false,"excerpt":"","rel":"","context":"Dans &quot;Actualit\u00e9s et mises \u00e0 jour des produits&quot;","block_context":{"text":"Actualit\u00e9s et mises \u00e0 jour des produits","link":"https:\/\/www.camper.is\/fr\/actualites-et-mises-a-jour-des-produits\/"},"img":{"alt_text":"","src":"","width":0,"height":0},"classes":[]},{"id":74835,"url":"https:\/\/www.camper.is\/fr\/gledilegt-nytt-ar-bonne-annee-de-la-part-de-camper-islande\/","url_meta":{"origin":41631,"position":1},"title":"Gle\u00f0ilegt n\u00fdtt \u00e1r - Bonne ann\u00e9e de la part de Camper Islande !","author":"Marion Johnson","date":"26 mars 2026","format":false,"excerpt":"Planifiez votre aventure en Islande en 2026 - B\u00e9n\u00e9ficiez d'une r\u00e9duction de 5 % sur les r\u00e9servations anticip\u00e9es. Une nouvelle ann\u00e9e est synonyme de nouvelles aventures - et 2026 est le moment id\u00e9al pour explorer l'Islande \u00e0 votre fa\u00e7on. Avec ses paysages ouverts, sa nature spectaculaire et ses exp\u00e9riences inoubliables\u2026","rel":"","context":"Dans &quot;Actualit\u00e9s et mises \u00e0 jour des produits&quot;","block_context":{"text":"Actualit\u00e9s et mises \u00e0 jour des produits","link":"https:\/\/www.camper.is\/fr\/actualites-et-mises-a-jour-des-produits\/"},"img":{"alt_text":"","src":"https:\/\/i0.wp.com\/www.camper.is\/wp-content\/uploads\/2026\/01\/IMG_2262.jpeg?fit=1024%2C1024&quality=80&ssl=1&resize=350%2C200","width":350,"height":200,"srcset":"https:\/\/i0.wp.com\/www.camper.is\/wp-content\/uploads\/2026\/01\/IMG_2262.jpeg?fit=1024%2C1024&quality=80&ssl=1&resize=350%2C200 1x, https:\/\/i0.wp.com\/www.camper.is\/wp-content\/uploads\/2026\/01\/IMG_2262.jpeg?fit=1024%2C1024&quality=80&ssl=1&resize=525%2C300 1.5x, https:\/\/i0.wp.com\/www.camper.is\/wp-content\/uploads\/2026\/01\/IMG_2262.jpeg?fit=1024%2C1024&quality=80&ssl=1&resize=700%2C400 2x"},"classes":[]},{"id":50241,"url":"https:\/\/www.camper.is\/fr\/10-de-reduction-camper-islande\/","url_meta":{"origin":41631,"position":2},"title":"10% de r\u00e9duction Camper Islande","author":"admin","date":"20 avril 2022","format":false,"excerpt":"Bonne nouvelle les gens\u00a0! La r\u00e9duction de 10\u00a0% pour les r\u00e9servations anticip\u00e9es est valable jusqu'au 31.12.2015. Visitez notre page d'accueil www.campericeland.is et consultez nos cat\u00e9gories. Camper Iceland poss\u00e8de la plus grande vari\u00e9t\u00e9 de camping-cars et de camping-cars 4x4 en Islande. Le tout nouveau Wrangler Rubicon fera vibrer votre monde\u00a0! Voici\u2026","rel":"","context":"Dans &quot;Actualit\u00e9s et mises \u00e0 jour des produits&quot;","block_context":{"text":"Actualit\u00e9s et mises \u00e0 jour des produits","link":"https:\/\/www.camper.is\/fr\/actualites-et-mises-a-jour-des-produits\/"},"img":{"alt_text":"web_camper_1","src":"https:\/\/i0.wp.com\/www.camper.is\/wp-content\/uploads\/2015\/11\/web_camper_1-300x173.jpg?resize=350%2C200&quality=80&ssl=1","width":350,"height":200},"classes":[]},{"id":74873,"url":"https:\/\/www.camper.is\/fr\/brenna-une-tradition-magique-du-nouvel-an-islandais\/","url_meta":{"origin":41631,"position":3},"title":"Brenna : Une tradition magique du Nouvel An islandais","author":"Marion Johnson","date":"26 mars 2026","format":false,"excerpt":"Chers amoureux de la nature islandaise \u00c0 quelques jours du r\u00e9veillon du Nouvel An, l'Islande se pr\u00e9pare \u00e0 l'une de ses traditions les plus magiques : les feux de joie du Nouvel An, connus sous le nom de \"Brenna\". Enracin\u00e9s dans le folklore ancien, ces feux sont cens\u00e9s chasser les\u2026","rel":"","context":"Dans &quot;Actualit\u00e9s et mises \u00e0 jour des produits&quot;","block_context":{"text":"Actualit\u00e9s et mises \u00e0 jour des produits","link":"https:\/\/www.camper.is\/fr\/actualites-et-mises-a-jour-des-produits\/"},"img":{"alt_text":"","src":"https:\/\/i0.wp.com\/www.camper.is\/wp-content\/uploads\/2025\/12\/Bildschirmfoto-2025-12-27-um-07.01.00.png?fit=1200%2C601&quality=72&ssl=1&resize=350%2C200","width":350,"height":200,"srcset":"https:\/\/i0.wp.com\/www.camper.is\/wp-content\/uploads\/2025\/12\/Bildschirmfoto-2025-12-27-um-07.01.00.png?fit=1200%2C601&quality=72&ssl=1&resize=350%2C200 1x, https:\/\/i0.wp.com\/www.camper.is\/wp-content\/uploads\/2025\/12\/Bildschirmfoto-2025-12-27-um-07.01.00.png?fit=1200%2C601&quality=72&ssl=1&resize=525%2C300 1.5x, https:\/\/i0.wp.com\/www.camper.is\/wp-content\/uploads\/2025\/12\/Bildschirmfoto-2025-12-27-um-07.01.00.png?fit=1200%2C601&quality=72&ssl=1&resize=700%2C400 2x, https:\/\/i0.wp.com\/www.camper.is\/wp-content\/uploads\/2025\/12\/Bildschirmfoto-2025-12-27-um-07.01.00.png?fit=1200%2C601&quality=72&ssl=1&resize=1050%2C600 3x"},"classes":[]},{"id":69304,"url":"https:\/\/www.camper.is\/fr\/jusqua-la-fin-du-mois-de-janvier-2025-camper-iceland-offre-une-reduction-de-5-pour-les-premiers-inscrits-ne-manquez-pas-cette-opportunite\/","url_meta":{"origin":41631,"position":4},"title":"Jusqu&rsquo;\u00e0 la fin du mois de janvier 2025, Camper Iceland offre une r\u00e9duction de 5 % pour les premiers inscrits - ne manquez pas cette opportunit\u00e9.","author":"Marion Johnson","date":"2 f\u00e9vrier 2025","format":false,"excerpt":"Cela signifie que vous pouvez explorer les paysages \u00e0 couper le souffle, les glaciers \u00e9poustouflants et les aurores bor\u00e9ales envo\u00fbtantes \u00e0 un tarif r\u00e9duit. Pour profiter de cette offre limit\u00e9e dans le temps, il vous suffit de visiter notre site web et de parcourir nos meilleures offres. Notre plateforme conviviale\u2026","rel":"","context":"Dans &quot;Actualit\u00e9s et mises \u00e0 jour des produits&quot;","block_context":{"text":"Actualit\u00e9s et mises \u00e0 jour des produits","link":"https:\/\/www.camper.is\/fr\/actualites-et-mises-a-jour-des-produits\/"},"img":{"alt_text":"","src":"https:\/\/i0.wp.com\/www.camper.is\/wp-content\/uploads\/2025\/01\/IMG_0177.jpeg?fit=640%2C480&quality=80&ssl=1&resize=350%2C200","width":350,"height":200,"srcset":"https:\/\/i0.wp.com\/www.camper.is\/wp-content\/uploads\/2025\/01\/IMG_0177.jpeg?fit=640%2C480&quality=80&ssl=1&resize=350%2C200 1x, https:\/\/i0.wp.com\/www.camper.is\/wp-content\/uploads\/2025\/01\/IMG_0177.jpeg?fit=640%2C480&quality=80&ssl=1&resize=525%2C300 1.5x"},"classes":[]},{"id":41641,"url":"https:\/\/www.camper.is\/fr\/5-rabais-sur-les-leve-tot-valables-en-janvier-2020\/","url_meta":{"origin":41631,"position":5},"title":"5 rabais sur les l\u00e8ve-t\u00f4t valables en janvier 2020","author":"admin","date":"17 novembre 2019","format":false,"excerpt":"","rel":"","context":"Dans &quot;Actualit\u00e9s et mises \u00e0 jour des produits&quot;","block_context":{"text":"Actualit\u00e9s et mises \u00e0 jour des produits","link":"https:\/\/www.camper.is\/fr\/actualites-et-mises-a-jour-des-produits\/"},"img":{"alt_text":"","src":"https:\/\/i0.wp.com\/www.camper.is\/wp-content\/uploads\/2019\/11\/earlybird_5_2020.jpg?fit=1088%2C722&quality=80&ssl=1&resize=350%2C200","width":350,"height":200,"srcset":"https:\/\/i0.wp.com\/www.camper.is\/wp-content\/uploads\/2019\/11\/earlybird_5_2020.jpg?fit=1088%2C722&quality=80&ssl=1&resize=350%2C200 1x, https:\/\/i0.wp.com\/www.camper.is\/wp-content\/uploads\/2019\/11\/earlybird_5_2020.jpg?fit=1088%2C722&quality=80&ssl=1&resize=525%2C300 1.5x, https:\/\/i0.wp.com\/www.camper.is\/wp-content\/uploads\/2019\/11\/earlybird_5_2020.jpg?fit=1088%2C722&quality=80&ssl=1&resize=700%2C400 2x, https:\/\/i0.wp.com\/www.camper.is\/wp-content\/uploads\/2019\/11\/earlybird_5_2020.jpg?fit=1088%2C722&quality=80&ssl=1&resize=1050%2C600 3x"},"classes":[]}],"_links":{"self":[{"href":"https:\/\/www.camper.is\/fr\/wp-json\/wp\/v2\/posts\/41631","targetHints":{"allow":["GET"]}}],"collection":[{"href":"https:\/\/www.camper.is\/fr\/wp-json\/wp\/v2\/posts"}],"about":[{"href":"https:\/\/www.camper.is\/fr\/wp-json\/wp\/v2\/types\/post"}],"author":[{"embeddable":true,"href":"https:\/\/www.camper.is\/fr\/wp-json\/wp\/v2\/users\/1"}],"replies":[{"embeddable":true,"href":"https:\/\/www.camper.is\/fr\/wp-json\/wp\/v2\/comments?post=41631"}],"version-history":[{"count":10,"href":"https:\/\/www.camper.is\/fr\/wp-json\/wp\/v2\/posts\/41631\/revisions"}],"predecessor-version":[{"id":75644,"href":"https:\/\/www.camper.is\/fr\/wp-json\/wp\/v2\/posts\/41631\/revisions\/75644"}],"wp:featuredmedia":[{"embeddable":true,"href":"https:\/\/www.camper.is\/fr\/wp-json\/wp\/v2\/media\/40384"}],"wp:attachment":[{"href":"https:\/\/www.camper.is\/fr\/wp-json\/wp\/v2\/media?parent=41631"}],"wp:term":[{"taxonomy":"category","embeddable":true,"href":"https:\/\/www.camper.is\/fr\/wp-json\/wp\/v2\/categories?post=41631"},{"taxonomy":"post_tag","embeddable":true,"href":"https:\/\/www.camper.is\/fr\/wp-json\/wp\/v2\/tags?post=41631"}],"curies":[{"name":"wp","href":"https:\/\/api.w.org\/{rel}","templated":true}]}}