{"id":57657,"date":"2023-07-10T19:35:20","date_gmt":"2023-07-10T19:35:20","guid":{"rendered":"https:\/\/www.camper.is\/actualizar-volcan\/"},"modified":"2023-07-11T16:10:28","modified_gmt":"2023-07-11T16:10:28","slug":"actualizar-volcan","status":"publish","type":"post","link":"https:\/\/www.camper.is\/es\/actualizar-volcan\/","title":{"rendered":"Actualizar Volc\u00e1n"},"content":{"rendered":"<p>Esta es una foto nueva tomada hace unos minutos, fuente RUV:<\/p>\n<p><a href=\"https:\/\/i0.wp.com\/www.camper.is\/wp-content\/uploads\/2023\/07\/IMG_0199.jpeg?quality=80&#038;ssl=1\"><img data-recalc-dims=\"1\" loading=\"lazy\" decoding=\"async\" class=\"alignnone size-full wp-image-57389\" src=\"https:\/\/i0.wp.com\/www.camper.is\/wp-content\/uploads\/2023\/07\/IMG_0199.jpeg?resize=1080%2C522&#038;quality=80&#038;ssl=1\" alt=\"\" width=\"1080\" height=\"522\" title=\"\" srcset=\"https:\/\/www.camper.is\/wp-content\/uploads\/2023\/07\/IMG_0199.jpeg 2388w, https:\/\/www.camper.is\/wp-content\/uploads\/2023\/07\/IMG_0199-1280x619.jpeg 1280w, https:\/\/www.camper.is\/wp-content\/uploads\/2023\/07\/IMG_0199-980x474.jpeg 980w, https:\/\/www.camper.is\/wp-content\/uploads\/2023\/07\/IMG_0199-480x232.jpeg 480w\" sizes=\"(min-width: 0px) and (max-width: 480px) 480px, (min-width: 481px) and (max-width: 980px) 980px, (min-width: 981px) and (max-width: 1280px) 1280px, (min-width: 1281px) 2388px, 100vw\" \/><\/a><\/p>\n<p>Foto tomada por nosotros, desde la carretera principal (Keilir est\u00e1 a la izquierda, la nube de la derecha es el volc\u00e1n):<\/p>\n<p><a href=\"https:\/\/i0.wp.com\/www.camper.is\/wp-content\/uploads\/2023\/07\/A1806D0E-0DFD-452F-9844-0C78DE175A0D.jpeg?quality=80&#038;ssl=1\"><img data-recalc-dims=\"1\" loading=\"lazy\" decoding=\"async\" class=\"alignnone size-full wp-image-57667\" src=\"https:\/\/i0.wp.com\/www.camper.is\/wp-content\/uploads\/2023\/07\/A1806D0E-0DFD-452F-9844-0C78DE175A0D.jpeg?resize=1024%2C768&#038;quality=80&#038;ssl=1\" alt=\"\" width=\"1024\" height=\"768\" title=\"\" srcset=\"https:\/\/www.camper.is\/wp-content\/uploads\/2023\/07\/A1806D0E-0DFD-452F-9844-0C78DE175A0D.jpeg 1024w, https:\/\/www.camper.is\/wp-content\/uploads\/2023\/07\/A1806D0E-0DFD-452F-9844-0C78DE175A0D-980x735.jpeg 980w, https:\/\/www.camper.is\/wp-content\/uploads\/2023\/07\/A1806D0E-0DFD-452F-9844-0C78DE175A0D-480x360.jpeg 480w\" sizes=\"(min-width: 0px) and (max-width: 480px) 480px, (min-width: 481px) and (max-width: 980px) 980px, (min-width: 981px) 1024px, 100vw\" \/><\/a><\/p>\n<p>En Islandia todo el mundo parece tranquilo ante el nuevo volc\u00e1n. La gente se detiene para fotografiar la nube de gas que es visible desde Reikiavik y hasta Keflavik.<\/p>\n<h3>URGENTE<\/h3>\n<p>El gobierno est\u00e1 pidiendo a la gente que no camine hacia el volc\u00e1n en este momento. Mientras hablamos, est\u00e1n buscando la mejor manera y la m\u00e1s segura. Por desgracia, parece que nuestro ADN quiere que corramos hacia el Volc\u00e1n en lugar de alejarnos de \u00e9l. Nuestro consejo es que mantenga la calma o reserve una excursi\u00f3n en helic\u00f3ptero. La polic\u00eda ha cerrado todas las carreteras cercanas al volc\u00e1n e intenta evitar que la gente llegue hasta \u00e9l. Sin embargo, ya hay fotos de gente caminando sobre el antiguo campo de lava para llegar a \u00e9l.<\/p>\n<h3>\u00bfC\u00f3mo est\u00e1 la situaci\u00f3n<\/h3>\n<p>Hace 25 minutos vimos las noticias de Islandia y dicen que el comienzo de este volc\u00e1n es aproximadamente 10 veces m\u00e1s grande que los \u00faltimos en esa zona. Ya mide 900 metros de largo y emana mucho m\u00e1s gas que el \u00faltimo volc\u00e1n. Los especialistas locales dicen que normalmente el volc\u00e1n es m\u00e1s grande al principio y luego se desvanece. As\u00ed que no saben si aumentar\u00e1 o disminuir\u00e1 en las pr\u00f3ximas horas o d\u00edas.<\/p>\n<h3>Vuelos<\/h3>\n<p>ISAVIA declara que todos los vuelos contin\u00faan con normalidad. S\u00f3lo est\u00e1 prohibido volar 1 Milla cerca del volc\u00e1n, probablemente para que las autoridades locales puedan volar all\u00ed.<\/p>\n","protected":false},"excerpt":{"rendered":"<p>Esta es una foto nueva tomada hace unos minutos, fuente RUV: Foto tomada por nosotros, desde la carretera principal (Keilir est\u00e1 a la izquierda, la nube de la derecha es el volc\u00e1n): En Islandia todo el mundo parece tranquilo ante el nuevo volc\u00e1n. La gente se detiene para fotografiar la nube de gas que es [&hellip;]<\/p>\n","protected":false},"author":1,"featured_media":57394,"comment_status":"open","ping_status":"open","sticky":false,"template":"","format":"standard","meta":{"_acf_changed":false,"jetpack_post_was_ever_published":false,"_jetpack_newsletter_access":"","_jetpack_dont_email_post_to_subs":false,"_jetpack_newsletter_tier_id":0,"_jetpack_memberships_contains_paywalled_content":false,"_jetpack_memberships_contains_paid_content":false,"footnotes":""},"categories":[277],"tags":[],"class_list":["post-57657","post","type-post","status-publish","format-standard","has-post-thumbnail","hentry","category-volcan-es"],"acf":[],"jetpack_featured_media_url":"https:\/\/i0.wp.com\/www.camper.is\/wp-content\/uploads\/2023\/07\/IMG_0199.jpeg?fit=2388%2C1154&quality=80&ssl=1","jetpack_sharing_enabled":true,"jetpack_shortlink":"https:\/\/wp.me\/p569lP-eZX","jetpack-related-posts":[{"id":54019,"url":"https:\/\/www.camper.is\/es\/vuelve-el-volcan-islandia\/","url_meta":{"origin":57657,"position":0},"title":"Vuelve el volc\u00e1n - Islandia","author":"admin","date":"3 de agosto de 2022","format":false,"excerpt":"Queridos amigos de Camper Islandia \u00a1El Volc\u00e1n vuelve a estar en l\u00ednea! Prometimos a varios clientes informar inmediatamente si el volc\u00e1n volv\u00eda a entrar en erupci\u00f3n. \u00a1Escucha esto! \u00a1Escucha esto! Ha vuelto a su antiguo esplendor. Algunos dicen que esta erupci\u00f3n es diferente a la anterior. Se ha iniciado una\u2026","rel":"","context":"En \u00abVolc\u00e1n\u00bb","block_context":{"text":"Volc\u00e1n","link":"https:\/\/www.camper.is\/es\/noticias-y-actualizaciones-de-productos\/volcan-es\/"},"img":{"alt_text":"","src":"https:\/\/i0.wp.com\/www.camper.is\/wp-content\/uploads\/2022\/08\/DSC04733-scaled.jpg?fit=1200%2C802&quality=80&ssl=1&resize=350%2C200","width":350,"height":200,"srcset":"https:\/\/i0.wp.com\/www.camper.is\/wp-content\/uploads\/2022\/08\/DSC04733-scaled.jpg?fit=1200%2C802&quality=80&ssl=1&resize=350%2C200 1x, https:\/\/i0.wp.com\/www.camper.is\/wp-content\/uploads\/2022\/08\/DSC04733-scaled.jpg?fit=1200%2C802&quality=80&ssl=1&resize=525%2C300 1.5x, https:\/\/i0.wp.com\/www.camper.is\/wp-content\/uploads\/2022\/08\/DSC04733-scaled.jpg?fit=1200%2C802&quality=80&ssl=1&resize=700%2C400 2x, https:\/\/i0.wp.com\/www.camper.is\/wp-content\/uploads\/2022\/08\/DSC04733-scaled.jpg?fit=1200%2C802&quality=80&ssl=1&resize=1050%2C600 3x"},"classes":[]},{"id":56280,"url":"https:\/\/www.camper.is\/es\/volvera-el-volcan\/","url_meta":{"origin":57657,"position":1},"title":"\u00bfVolver\u00e1 el volc\u00e1n","author":"admin","date":"6 de julio de 2023","format":false,"excerpt":"Los turistas ya controlan la zona Los se\u00edsmos comenzaron en la pen\u00ednsula de Reykjanes el pasado martes. Desde entonces se han registrado m\u00e1s de tres mil terremotos. Las noticias locales informan de que se ha instalado un sistema de SMS para avisar a la gente si ocurre algo. Al mismo\u2026","rel":"","context":"En \u00abVolc\u00e1n\u00bb","block_context":{"text":"Volc\u00e1n","link":"https:\/\/www.camper.is\/es\/noticias-y-actualizaciones-de-productos\/volcan-es\/"},"img":{"alt_text":"","src":"https:\/\/i0.wp.com\/www.camper.is\/wp-content\/uploads\/2022\/08\/DSC04733-scaled.jpg?fit=1200%2C802&quality=80&ssl=1&resize=350%2C200","width":350,"height":200,"srcset":"https:\/\/i0.wp.com\/www.camper.is\/wp-content\/uploads\/2022\/08\/DSC04733-scaled.jpg?fit=1200%2C802&quality=80&ssl=1&resize=350%2C200 1x, https:\/\/i0.wp.com\/www.camper.is\/wp-content\/uploads\/2022\/08\/DSC04733-scaled.jpg?fit=1200%2C802&quality=80&ssl=1&resize=525%2C300 1.5x, https:\/\/i0.wp.com\/www.camper.is\/wp-content\/uploads\/2022\/08\/DSC04733-scaled.jpg?fit=1200%2C802&quality=80&ssl=1&resize=700%2C400 2x, https:\/\/i0.wp.com\/www.camper.is\/wp-content\/uploads\/2022\/08\/DSC04733-scaled.jpg?fit=1200%2C802&quality=80&ssl=1&resize=1050%2C600 3x"},"classes":[]},{"id":57332,"url":"https:\/\/www.camper.is\/es\/estamos-emocionados-la-erupcion-volcanica-acaba-de-empezar\/","url_meta":{"origin":57657,"position":2},"title":"Estamos emocionados: La erupci\u00f3n volc\u00e1nica acaba de empezar","author":"admin","date":"10 de julio de 2023","format":false,"excerpt":"Estamos entusiasmados y enviaremos fotos en cuanto sepamos m\u00e1s. Esto acaba de llegar, y no sabemos qu\u00e9 aspecto tiene el volc\u00e1n ni hasta qu\u00e9 punto pueden acercarse a \u00e9l los turistas. Siga nuestra p\u00e1gina de Facebook o nuestra p\u00e1gina web para obtener m\u00e1s informaci\u00f3n. La foto es del \u00faltimo volc\u00e1n\u2026","rel":"","context":"En \u00abVolc\u00e1n\u00bb","block_context":{"text":"Volc\u00e1n","link":"https:\/\/www.camper.is\/es\/noticias-y-actualizaciones-de-productos\/volcan-es\/"},"img":{"alt_text":"","src":"https:\/\/i0.wp.com\/www.camper.is\/wp-content\/uploads\/2021\/07\/263EDF75-05EF-40F5-B56D-8DCF9DDB644D.jpeg?fit=1200%2C900&quality=80&ssl=1&resize=350%2C200","width":350,"height":200,"srcset":"https:\/\/i0.wp.com\/www.camper.is\/wp-content\/uploads\/2021\/07\/263EDF75-05EF-40F5-B56D-8DCF9DDB644D.jpeg?fit=1200%2C900&quality=80&ssl=1&resize=350%2C200 1x, https:\/\/i0.wp.com\/www.camper.is\/wp-content\/uploads\/2021\/07\/263EDF75-05EF-40F5-B56D-8DCF9DDB644D.jpeg?fit=1200%2C900&quality=80&ssl=1&resize=525%2C300 1.5x, https:\/\/i0.wp.com\/www.camper.is\/wp-content\/uploads\/2021\/07\/263EDF75-05EF-40F5-B56D-8DCF9DDB644D.jpeg?fit=1200%2C900&quality=80&ssl=1&resize=700%2C400 2x, https:\/\/i0.wp.com\/www.camper.is\/wp-content\/uploads\/2021\/07\/263EDF75-05EF-40F5-B56D-8DCF9DDB644D.jpeg?fit=1200%2C900&quality=80&ssl=1&resize=1050%2C600 3x"},"classes":[]},{"id":59192,"url":"https:\/\/www.camper.is\/es\/el-volcan-acaba-de-empezar-retransmision-en-directo\/","url_meta":{"origin":57657,"position":3},"title":"El Volc\u00e1n acaba de empezar - retransmisi\u00f3n en directo","author":"admin","date":"19 de diciembre de 2023","format":false,"excerpt":"Noticias de \u00faltima hora de Islandia Por cuarta vez en s\u00f3lo tres a\u00f1os podemos lanzar el mensaje \"el volc\u00e1n acaba de volver a empezar\". El peri\u00f3dico Morgunbla\u00f0i\u00f0 acaba de escribir lo siguiente: \"Ha comenzado una erupci\u00f3n en la pen\u00ednsula de Reykjanes, la cuarta en tres a\u00f1os. El fuego se declar\u00f3\u2026","rel":"","context":"En \u00abVolc\u00e1n\u00bb","block_context":{"text":"Volc\u00e1n","link":"https:\/\/www.camper.is\/es\/noticias-y-actualizaciones-de-productos\/volcan-es\/"},"img":{"alt_text":"","src":"https:\/\/i0.wp.com\/www.camper.is\/wp-content\/uploads\/2023\/12\/volcano_2023.png?fit=1200%2C802&quality=72&ssl=1&resize=350%2C200","width":350,"height":200,"srcset":"https:\/\/i0.wp.com\/www.camper.is\/wp-content\/uploads\/2023\/12\/volcano_2023.png?fit=1200%2C802&quality=72&ssl=1&resize=350%2C200 1x, https:\/\/i0.wp.com\/www.camper.is\/wp-content\/uploads\/2023\/12\/volcano_2023.png?fit=1200%2C802&quality=72&ssl=1&resize=525%2C300 1.5x, https:\/\/i0.wp.com\/www.camper.is\/wp-content\/uploads\/2023\/12\/volcano_2023.png?fit=1200%2C802&quality=72&ssl=1&resize=700%2C400 2x, https:\/\/i0.wp.com\/www.camper.is\/wp-content\/uploads\/2023\/12\/volcano_2023.png?fit=1200%2C802&quality=72&ssl=1&resize=1050%2C600 3x"},"classes":[]},{"id":74674,"url":"https:\/\/www.camper.is\/es\/reykjanes-y-el-sur-volcanico-3-dias-de-fuego-y-vapor\/","url_meta":{"origin":57657,"position":4},"title":"Reykjanes y el sur volc\u00e1nico: 3 d\u00edas de fuego y vapor","author":"admin","date":"26 de marzo de 2026","format":false,"excerpt":"Perfecto para llegadas tard\u00edas o salidas tempranas. Explora los paisajes m\u00e1s j\u00f3venes de Islandia, sus piscinas de barro humeante y la mundialmente famosa Laguna Azul, todo ello a pocos minutos de nuestra base.","rel":"","context":"En \u00abEl Men\u00fa Aventura\u00bb","block_context":{"text":"El Men\u00fa Aventura","link":"https:\/\/www.camper.is\/es\/el-menu-aventura\/"},"img":{"alt_text":"","src":"https:\/\/i0.wp.com\/www.camper.is\/wp-content\/uploads\/2026\/03\/lagoon.jpg?fit=640%2C370&quality=80&ssl=1&resize=350%2C200","width":350,"height":200,"srcset":"https:\/\/i0.wp.com\/www.camper.is\/wp-content\/uploads\/2026\/03\/lagoon.jpg?fit=640%2C370&quality=80&ssl=1&resize=350%2C200 1x, https:\/\/i0.wp.com\/www.camper.is\/wp-content\/uploads\/2026\/03\/lagoon.jpg?fit=640%2C370&quality=80&ssl=1&resize=525%2C300 1.5x"},"classes":[]},{"id":57727,"url":"https:\/\/www.camper.is\/es\/la-nueva-ruta-de-senderismo-d-ya-esta-abierta\/","url_meta":{"origin":57657,"position":5},"title":"La nueva ruta de senderismo (D) ya est\u00e1 abierta","author":"admin","date":"14 de julio de 2023","format":false,"excerpt":"A las 16.40 horas de ayer (10.07.2023) comenz\u00f3 una erupci\u00f3n cerca del monte Litli Hr\u00fatur, en la pen\u00ednsula de Reykjanes. Las autoridades cerraron la zona debido a la contaminaci\u00f3n por gas hasta hoy. El lugar de la erupci\u00f3n se ha abierto desde el sur (carretera n\u00ba 427) Su\u00f0urstrandarvegur. Ni del\u2026","rel":"","context":"En \u00abVolc\u00e1n\u00bb","block_context":{"text":"Volc\u00e1n","link":"https:\/\/www.camper.is\/es\/noticias-y-actualizaciones-de-productos\/volcan-es\/"},"img":{"alt_text":"","src":"https:\/\/i0.wp.com\/www.camper.is\/wp-content\/uploads\/2023\/07\/IMG_0200.jpeg?fit=992%2C743&quality=80&ssl=1&resize=350%2C200","width":350,"height":200,"srcset":"https:\/\/i0.wp.com\/www.camper.is\/wp-content\/uploads\/2023\/07\/IMG_0200.jpeg?fit=992%2C743&quality=80&ssl=1&resize=350%2C200 1x, https:\/\/i0.wp.com\/www.camper.is\/wp-content\/uploads\/2023\/07\/IMG_0200.jpeg?fit=992%2C743&quality=80&ssl=1&resize=525%2C300 1.5x, https:\/\/i0.wp.com\/www.camper.is\/wp-content\/uploads\/2023\/07\/IMG_0200.jpeg?fit=992%2C743&quality=80&ssl=1&resize=700%2C400 2x"},"classes":[]}],"_links":{"self":[{"href":"https:\/\/www.camper.is\/es\/wp-json\/wp\/v2\/posts\/57657","targetHints":{"allow":["GET"]}}],"collection":[{"href":"https:\/\/www.camper.is\/es\/wp-json\/wp\/v2\/posts"}],"about":[{"href":"https:\/\/www.camper.is\/es\/wp-json\/wp\/v2\/types\/post"}],"author":[{"embeddable":true,"href":"https:\/\/www.camper.is\/es\/wp-json\/wp\/v2\/users\/1"}],"replies":[{"embeddable":true,"href":"https:\/\/www.camper.is\/es\/wp-json\/wp\/v2\/comments?post=57657"}],"version-history":[{"count":1,"href":"https:\/\/www.camper.is\/es\/wp-json\/wp\/v2\/posts\/57657\/revisions"}],"predecessor-version":[{"id":57688,"href":"https:\/\/www.camper.is\/es\/wp-json\/wp\/v2\/posts\/57657\/revisions\/57688"}],"wp:featuredmedia":[{"embeddable":true,"href":"https:\/\/www.camper.is\/es\/wp-json\/wp\/v2\/media\/57394"}],"wp:attachment":[{"href":"https:\/\/www.camper.is\/es\/wp-json\/wp\/v2\/media?parent=57657"}],"wp:term":[{"taxonomy":"category","embeddable":true,"href":"https:\/\/www.camper.is\/es\/wp-json\/wp\/v2\/categories?post=57657"},{"taxonomy":"post_tag","embeddable":true,"href":"https:\/\/www.camper.is\/es\/wp-json\/wp\/v2\/tags?post=57657"}],"curies":[{"name":"wp","href":"https:\/\/api.w.org\/{rel}","templated":true}]}}