{"id":50177,"date":"2022-04-20T11:54:28","date_gmt":"2022-04-20T11:54:28","guid":{"rendered":"https:\/\/www.camper.is\/17-campers-nuevos\/"},"modified":"2022-04-20T11:54:28","modified_gmt":"2022-04-20T11:54:28","slug":"17-campers-nuevos","status":"publish","type":"post","link":"https:\/\/www.camper.is\/es\/17-campers-nuevos\/","title":{"rendered":"17 Campers nuevos"},"content":{"rendered":"<p><a href=\"http:\/\/www.campericeland.is\/wp-content\/uploads\/2014\/01\/januar.pdf\" target=\"_blank\" rel=\"noopener\">Consulta el PDF<\/a><\/p>\n<p>Estimado agente<\/p>\n<p>Camper Iceland est\u00e1 considerada como una de las autocaravanas y autocaravanas 4&#215;4 de alquiler m\u00e1s antiguas y fiables de Islandia.<\/p>\n<p>Este invierno la marca se incorpor\u00f3 al Grupo 1933.<\/p>\n<p>El grupo es sin\u00f3nimo de fiabilidad en muchas ramas. Restaurante, Hoteles, Pensiones y Tour Operador para agentes de viajes del extranjero. El servicio m\u00e1s antiguo data del a\u00f1o 1933 y de ah\u00ed proviene el nombre del grupo.<\/p>\n<p>Nuestro equipo suizo\/island\u00e9s hizo una evaluaci\u00f3n de la marca \u00abCamper Iceland\u00bb el invierno pasado con un solo objetivo. \u00a1Una relaci\u00f3n a largo plazo contigo!<\/p>\n<p>Estamos orgullosos de anunciar varios cambios que se basan en aportes y reuniones con agentes como usted.<\/p>\n<p>Esperamos trabajar para usted en el futuro y si viene a Islandia, \u00a1vis\u00edtenos!<\/p>\n<p>En nombre de nuestro equipo<\/p>\n<p>daniel k johnson<br \/>\nGerente general<\/p>\n","protected":false},"excerpt":{"rendered":"<p>Consulta el PDF Estimado agente Camper Iceland est\u00e1 considerada como una de las autocaravanas y autocaravanas 4&#215;4 de alquiler m\u00e1s antiguas y fiables de Islandia. Este invierno la marca se incorpor\u00f3 al Grupo 1933. El grupo es sin\u00f3nimo de fiabilidad en muchas ramas. Restaurante, Hoteles, Pensiones y Tour Operador para agentes de viajes del extranjero. [&hellip;]<\/p>\n","protected":false},"author":1,"featured_media":28434,"comment_status":"closed","ping_status":"closed","sticky":false,"template":"","format":"standard","meta":{"_acf_changed":false,"jetpack_post_was_ever_published":false,"_jetpack_newsletter_access":"","_jetpack_dont_email_post_to_subs":false,"_jetpack_newsletter_tier_id":0,"_jetpack_memberships_contains_paywalled_content":false,"_jetpack_memberships_contains_paid_content":false,"footnotes":""},"categories":[236],"tags":[],"class_list":["post-50177","post","type-post","status-publish","format-standard","has-post-thumbnail","hentry","category-noticias-y-actualizaciones-de-productos"],"acf":[],"jetpack_featured_media_url":"https:\/\/i0.wp.com\/www.camper.is\/wp-content\/uploads\/2014\/01\/Screen-Shot-2014-01-24-at-10.41.37-AM.png?fit=622%2C356&quality=72&ssl=1","jetpack_sharing_enabled":true,"jetpack_shortlink":"https:\/\/wp.me\/p569lP-d3j","jetpack-related-posts":[{"id":50173,"url":"https:\/\/www.camper.is\/es\/el-alquiler-mas-grande-en-islandia\/","url_meta":{"origin":50177,"position":0},"title":"El alquiler m\u00e1s grande en Islandia","author":"admin","date":"20 de abril de 2022","format":false,"excerpt":"Bienvenido a Camper Islandia \u00bfBuscas una Autocaravana o Camper 4x4? No busque m\u00e1s que ha encontrado la estaci\u00f3n de alquiler de autocaravanas y autocaravanas m\u00e1s grande de Islandia. Nuestro equipo gestiona una flota combinada de m\u00e1s de 130 veh\u00edculos. Nuestra flota se divide en varias categor\u00edas para satisfacer sus necesidades\u2026","rel":"","context":"En \u00abNoticias y Actualizaciones de Productos\u00bb","block_context":{"text":"Noticias y Actualizaciones de Productos","link":"https:\/\/www.camper.is\/es\/noticias-y-actualizaciones-de-productos\/"},"img":{"alt_text":"","src":"https:\/\/i0.wp.com\/www.camper.is\/wp-content\/uploads\/2011\/08\/camper-landmannalaugar-300x199.jpg?resize=350%2C200&quality=80&ssl=1","width":350,"height":200},"classes":[]},{"id":74764,"url":"https:\/\/www.camper.is\/es\/descubre-islandia-en-primavera-disfruta-de-un-20-de-descuento-en-tu-aventura-en-camper-islandia\/","url_meta":{"origin":50177,"position":1},"title":"Descubre Islandia en primavera - Disfruta de un 20% de descuento en tu aventura en Camper Islandia","author":"Marion Johnson","date":"26 de marzo de 2026","format":false,"excerpt":"La primavera en Islandia es una \u00e9poca verdaderamente especial para viajar. A medida que el pa\u00eds despierta del invierno, las cascadas se llenan de agua del deshielo de los glaciares, los paisajes empiezan a te\u00f1irse de verde y los d\u00edas se alargan con una hermosa y suave luz sobre las\u2026","rel":"","context":"En \u00abNoticias y Actualizaciones de Productos\u00bb","block_context":{"text":"Noticias y Actualizaciones de Productos","link":"https:\/\/www.camper.is\/es\/noticias-y-actualizaciones-de-productos\/"},"img":{"alt_text":"Islandia en mayo","src":"https:\/\/i0.wp.com\/www.camper.is\/wp-content\/uploads\/2026\/03\/3EF4418F-AE47-4A2B-A5A5-4CF900343B38.jpeg?fit=1200%2C801&quality=80&ssl=1&resize=350%2C200","width":350,"height":200,"srcset":"https:\/\/i0.wp.com\/www.camper.is\/wp-content\/uploads\/2026\/03\/3EF4418F-AE47-4A2B-A5A5-4CF900343B38.jpeg?fit=1200%2C801&quality=80&ssl=1&resize=350%2C200 1x, https:\/\/i0.wp.com\/www.camper.is\/wp-content\/uploads\/2026\/03\/3EF4418F-AE47-4A2B-A5A5-4CF900343B38.jpeg?fit=1200%2C801&quality=80&ssl=1&resize=525%2C300 1.5x, https:\/\/i0.wp.com\/www.camper.is\/wp-content\/uploads\/2026\/03\/3EF4418F-AE47-4A2B-A5A5-4CF900343B38.jpeg?fit=1200%2C801&quality=80&ssl=1&resize=700%2C400 2x, https:\/\/i0.wp.com\/www.camper.is\/wp-content\/uploads\/2026\/03\/3EF4418F-AE47-4A2B-A5A5-4CF900343B38.jpeg?fit=1200%2C801&quality=80&ssl=1&resize=1050%2C600 3x"},"classes":[]},{"id":50110,"url":"https:\/\/www.camper.is\/es\/islandia-autocaravanas-y-campers-online\/","url_meta":{"origin":50177,"position":2},"title":"Islandia autocaravanas y campers online","author":"admin","date":"20 de abril de 2022","format":false,"excerpt":"Camper Iceland ofrece muchas categor\u00edas de veh\u00edculos en l\u00ednea . Puede elegir nuestros modelos de 2 camas, Fiat Ducato de 4 camas, Fiat Ducato de 5 camas, Fiat Ducato de 7 camas. Tambi\u00e9n ofrecemos Campers 4x4. El modelo m\u00e1s peque\u00f1o pero grande es calles 4CN. Una caravana de lado duro\u2026","rel":"","context":"En \u00abNoticias y Actualizaciones de Productos\u00bb","block_context":{"text":"Noticias y Actualizaciones de Productos","link":"https:\/\/www.camper.is\/es\/noticias-y-actualizaciones-de-productos\/"},"img":{"alt_text":"","src":"https:\/\/i0.wp.com\/www.camper.is\/wp-content\/uploads\/2011\/08\/camper_logo_form-300x203.jpg?resize=350%2C200&quality=80&ssl=1","width":350,"height":200},"classes":[]},{"id":71806,"url":"https:\/\/www.camper.is\/es\/descubre-islandia-a-tu-manera-con-una-autocaravana-o-una-caravana-4x4\/","url_meta":{"origin":50177,"position":3},"title":"Descubre Islandia a tu manera: con una autocaravana o una caravana 4&#215;4","author":"Marion Johnson","date":"9 de junio de 2025","format":false,"excerpt":"Vive Islandia de forma diferente: \u00a1incluso con nieve en verano! Islandia no es como ning\u00fan otro lugar. \u00bfEn qu\u00e9 otro lugar puedes despertarte con una nevada en verano, disfrutar de la interminable luz del d\u00eda durante las cortas noches y presenciar impresionantes maravillas naturales sin apenas un alma a la\u2026","rel":"","context":"En \u00abNoticias y Actualizaciones de Productos\u00bb","block_context":{"text":"Noticias y Actualizaciones de Productos","link":"https:\/\/www.camper.is\/es\/noticias-y-actualizaciones-de-productos\/"},"img":{"alt_text":"glacier lagoon","src":"https:\/\/i0.wp.com\/www.camper.is\/wp-content\/uploads\/2025\/06\/WhatsApp-Image-2025-06-06-at-2.53.41-PM.jpeg?fit=1200%2C675&quality=80&ssl=1&resize=350%2C200","width":350,"height":200,"srcset":"https:\/\/i0.wp.com\/www.camper.is\/wp-content\/uploads\/2025\/06\/WhatsApp-Image-2025-06-06-at-2.53.41-PM.jpeg?fit=1200%2C675&quality=80&ssl=1&resize=350%2C200 1x, https:\/\/i0.wp.com\/www.camper.is\/wp-content\/uploads\/2025\/06\/WhatsApp-Image-2025-06-06-at-2.53.41-PM.jpeg?fit=1200%2C675&quality=80&ssl=1&resize=525%2C300 1.5x, https:\/\/i0.wp.com\/www.camper.is\/wp-content\/uploads\/2025\/06\/WhatsApp-Image-2025-06-06-at-2.53.41-PM.jpeg?fit=1200%2C675&quality=80&ssl=1&resize=700%2C400 2x, https:\/\/i0.wp.com\/www.camper.is\/wp-content\/uploads\/2025\/06\/WhatsApp-Image-2025-06-06-at-2.53.41-PM.jpeg?fit=1200%2C675&quality=80&ssl=1&resize=1050%2C600 3x"},"classes":[]},{"id":74817,"url":"https:\/\/www.camper.is\/es\/explora-islandia-a-tu-manera-15-de-descuento-en-alquiler-de-caravanas-y-autocaravanas-4x4-en-junio-de-2026\/","url_meta":{"origin":50177,"position":4},"title":"Explora Islandia a tu manera - 15% de descuento en alquiler de caravanas y autocaravanas 4&#215;4 en junio de 2026","author":"Marion Johnson","date":"26 de marzo de 2026","format":false,"excerpt":"Estimado cliente de Camper Iceland, \u00bfSue\u00f1as con una luz diurna interminable, paisajes impresionantes y libertad total en la carretera? Junio es uno de los mejores meses para conocer Islandia, y ahora es a\u00fan mejor. Durante un tiempo limitado, ofrecemos un 15% de descuento en las tarifas diarias de alquiler de\u2026","rel":"","context":"En \u00abNoticias y Actualizaciones de Productos\u00bb","block_context":{"text":"Noticias y Actualizaciones de Productos","link":"https:\/\/www.camper.is\/es\/noticias-y-actualizaciones-de-productos\/"},"img":{"alt_text":"","src":"https:\/\/i0.wp.com\/www.camper.is\/wp-content\/uploads\/2019\/11\/motor_home_6-3.jpeg?fit=1200%2C802&quality=80&ssl=1&resize=350%2C200","width":350,"height":200,"srcset":"https:\/\/i0.wp.com\/www.camper.is\/wp-content\/uploads\/2019\/11\/motor_home_6-3.jpeg?fit=1200%2C802&quality=80&ssl=1&resize=350%2C200 1x, https:\/\/i0.wp.com\/www.camper.is\/wp-content\/uploads\/2019\/11\/motor_home_6-3.jpeg?fit=1200%2C802&quality=80&ssl=1&resize=525%2C300 1.5x, https:\/\/i0.wp.com\/www.camper.is\/wp-content\/uploads\/2019\/11\/motor_home_6-3.jpeg?fit=1200%2C802&quality=80&ssl=1&resize=700%2C400 2x, https:\/\/i0.wp.com\/www.camper.is\/wp-content\/uploads\/2019\/11\/motor_home_6-3.jpeg?fit=1200%2C802&quality=80&ssl=1&resize=1050%2C600 3x"},"classes":[]},{"id":71026,"url":"https:\/\/www.camper.is\/es\/disfruta-del-despertar-de-la-naturaleza-avistaje-de-ballenas-y-auroras-boreales-en-abril-viaja-en-autocaravana-y-camper-4x4\/","url_meta":{"origin":50177,"position":5},"title":"Disfruta del Despertar de la Naturaleza: \u00a1Avistaje de Ballenas y Auroras Boreales en abril! Viaja en Autocaravana y Camper 4&#215;4","author":"Marion Johnson","date":"12 de marzo de 2025","format":false,"excerpt":"Queridos amigos islandeses Espero que este mensaje te encuentre bien y entusiasmado por la pr\u00f3xima estaci\u00f3n primaveral. A medida que los d\u00edas se alargan y el invierno afloja, Islandia se transforma en un impresionante espect\u00e1culo de belleza natural. El mes de abril ofrece una oportunidad \u00fanica de presenciar dos fen\u00f3menos\u2026","rel":"","context":"En \u00abNoticias y Actualizaciones de Productos\u00bb","block_context":{"text":"Noticias y Actualizaciones de Productos","link":"https:\/\/www.camper.is\/es\/noticias-y-actualizaciones-de-productos\/"},"img":{"alt_text":"","src":"","width":0,"height":0},"classes":[]}],"_links":{"self":[{"href":"https:\/\/www.camper.is\/es\/wp-json\/wp\/v2\/posts\/50177","targetHints":{"allow":["GET"]}}],"collection":[{"href":"https:\/\/www.camper.is\/es\/wp-json\/wp\/v2\/posts"}],"about":[{"href":"https:\/\/www.camper.is\/es\/wp-json\/wp\/v2\/types\/post"}],"author":[{"embeddable":true,"href":"https:\/\/www.camper.is\/es\/wp-json\/wp\/v2\/users\/1"}],"replies":[{"embeddable":true,"href":"https:\/\/www.camper.is\/es\/wp-json\/wp\/v2\/comments?post=50177"}],"version-history":[{"count":0,"href":"https:\/\/www.camper.is\/es\/wp-json\/wp\/v2\/posts\/50177\/revisions"}],"wp:featuredmedia":[{"embeddable":true,"href":"https:\/\/www.camper.is\/es\/wp-json\/wp\/v2\/media\/28434"}],"wp:attachment":[{"href":"https:\/\/www.camper.is\/es\/wp-json\/wp\/v2\/media?parent=50177"}],"wp:term":[{"taxonomy":"category","embeddable":true,"href":"https:\/\/www.camper.is\/es\/wp-json\/wp\/v2\/categories?post=50177"},{"taxonomy":"post_tag","embeddable":true,"href":"https:\/\/www.camper.is\/es\/wp-json\/wp\/v2\/tags?post=50177"}],"curies":[{"name":"wp","href":"https:\/\/api.w.org\/{rel}","templated":true}]}}