{"id":68848,"date":"2024-12-19T16:06:06","date_gmt":"2024-12-19T16:06:06","guid":{"rendered":"https:\/\/www.camper.is\/?p=68848"},"modified":"2024-12-19T16:06:06","modified_gmt":"2024-12-19T16:06:06","slug":"von-basel-nach-island-ab-30-e-jetzt-flug-und-camper-buchen","status":"publish","type":"post","link":"https:\/\/www.camper.is\/de\/von-basel-nach-island-ab-30-e-jetzt-flug-und-camper-buchen\/","title":{"rendered":"Von Basel nach Island ab 30 \u20ac, jetzt Flug und Camper buchen"},"content":{"rendered":"<p>Liebe Camper Iceland Freunde<\/p>\n<h2>Basel - Keflavik<\/h2>\n<p>Es ist soweit, EasyJet fliegt wieder nach Island nach einer Pause von mehreren Jahren. Wir haben die Preise angesehen. Heute 19.12.2024 sieht die Lage so aus, g\u00fcnstiger geht nicht.<\/p>\n<p>Wer jetzt den Flug bucht und bei uns ein Wohnmobil oder Camper kann hunderte, wenn nicht tausende von Franken sparen,.<\/p>\n<p><a href=\"https:\/\/i0.wp.com\/www.camper.is\/wp-content\/uploads\/2024\/12\/IMG_0382.jpeg?quality=80&#038;ssl=1\"><img data-recalc-dims=\"1\" loading=\"lazy\" decoding=\"async\" class=\"alignnone size-full wp-image-68849\" src=\"https:\/\/i0.wp.com\/www.camper.is\/wp-content\/uploads\/2024\/12\/IMG_0382.jpeg?resize=1080%2C453&#038;quality=80&#038;ssl=1\" alt=\"\" width=\"1080\" height=\"453\" title=\"\" srcset=\"https:\/\/www.camper.is\/wp-content\/uploads\/2024\/12\/IMG_0382.jpeg 1776w, https:\/\/www.camper.is\/wp-content\/uploads\/2024\/12\/IMG_0382-1280x537.jpeg 1280w, https:\/\/www.camper.is\/wp-content\/uploads\/2024\/12\/IMG_0382-980x411.jpeg 980w, https:\/\/www.camper.is\/wp-content\/uploads\/2024\/12\/IMG_0382-480x201.jpeg 480w\" sizes=\"(min-width: 0px) and (max-width: 480px) 480px, (min-width: 481px) and (max-width: 980px) 980px, (min-width: 981px) and (max-width: 1280px) 1280px, (min-width: 1281px) 1776px, 100vw\" \/><\/a><\/p>\n<p>FLUG BUCHEN: <a href=\"https:\/\/www.easyjet.com\/de\/billigfluege\/basel-muehlhausen-freiburg\/reykjavik-keflavik\" target=\"_blank\" rel=\"noopener\">https:\/\/www.easyjet.com\/de\/billigfluege\/basel-muehlhausen-freiburg\/reykjavik-keflavik\u00a0<\/a><\/p>\n<p>Camper buchen: <a href=\"https:\/\/web.rentalcarmanager.com\/api32\/Camper-Iceland\/Step2\" target=\"_blank\" rel=\"noopener\">https:\/\/web.rentalcarmanager.com\/api32\/Camper-Iceland\/Step2<\/a><\/p>\n","protected":false},"excerpt":{"rendered":"<p>Liebe Camper Iceland Freunde Basel - Keflavik Es ist soweit, EasyJet fliegt wieder nach Island nach einer Pause von mehreren Jahren. Wir haben die Preise angesehen. Heute 19.12.2024 sieht die Lage so aus, g\u00fcnstiger geht nicht. Wer jetzt den Flug bucht und bei uns ein Wohnmobil oder Camper kann hunderte, wenn nicht tausende von Franken [&hellip;]<\/p>\n","protected":false},"author":1,"featured_media":68855,"comment_status":"open","ping_status":"open","sticky":false,"template":"","format":"standard","meta":{"_acf_changed":false,"jetpack_post_was_ever_published":false,"_jetpack_newsletter_access":"","_jetpack_dont_email_post_to_subs":false,"_jetpack_newsletter_tier_id":0,"_jetpack_memberships_contains_paywalled_content":false,"_jetpack_memberships_contains_paid_content":false,"footnotes":""},"categories":[240],"tags":[],"class_list":["post-68848","post","type-post","status-publish","format-standard","has-post-thumbnail","hentry","category-news-produkt-updates"],"acf":[],"jetpack_featured_media_url":"https:\/\/i0.wp.com\/www.camper.is\/wp-content\/uploads\/2024\/12\/IMG_0381.jpeg?fit=1627%2C1164&quality=80&ssl=1","jetpack_sharing_enabled":true,"jetpack_shortlink":"https:\/\/wp.me\/p569lP-hUs","jetpack-related-posts":[{"id":72011,"url":"https:\/\/www.camper.is\/de\/haben-sie-schon-plaene-gemacht-um-der-sommerhitze-zu-entkommen\/","url_meta":{"origin":68848,"position":0},"title":"Haben Sie schon Pl\u00e4ne gemacht, um der Sommerhitze zu entkommen?","author":"Marion Johnson","date":"21. Juni 2025","format":false,"excerpt":"Jetzt ist der perfekte Zeitpunkt - mit unserem Last-Minute-Angebot f\u00fcr Wohnmobilanmietungen im Juli 2025 k\u00f6nnen Sie bis zu 15% auf die Tagesmietpreise sparen! Nur 3 einfache Schritte trennen Sie von Ihrem coolen Island-Abenteuer: 1. Buchen Sie Ihr Wohnmobil W\u00e4hlen Sie Ihr ideales Wohnmobil und erhalten Sie bis zu 15% Rabatt\u2026","rel":"","context":"In &quot;News &amp; Produkt-Updates&quot;","block_context":{"text":"News &amp; Produkt-Updates","link":"https:\/\/www.camper.is\/de\/news-produkt-updates\/"},"img":{"alt_text":"","src":"","width":0,"height":0},"classes":[]},{"id":74823,"url":"https:\/\/www.camper.is\/de\/sie-koennen-skyr-nicht-im-supermarkt-finden-hier-ist-der-wahre-zauber-zu-finden\/","url_meta":{"origin":68848,"position":1},"title":"Sie k\u00f6nnen Skyr nicht im Supermarkt finden? Hier ist der wahre Zauber zu finden","author":"Marion Johnson","date":"26. M\u00e4rz 2026","format":false,"excerpt":"Geben Sie sich nicht mit einem L\u00f6ffelchen zufrieden. Erleben Sie die Quelle.Seit kurzem ist Skyr in den Superm\u00e4rkten in ganz Europa ausverkauft. Ein viraler Trend, leere Regale - pl\u00f6tzlich will jeder einen Geschmack von Island.Vielleicht sagt das etwas \u00fcber den Moment aus, in dem wir leben. Denn Island steht f\u00fcr\u2026","rel":"","context":"In &quot;News &amp; Produkt-Updates&quot;","block_context":{"text":"News &amp; Produkt-Updates","link":"https:\/\/www.camper.is\/de\/news-produkt-updates\/"},"img":{"alt_text":"Keflavik 2026 M\u00e4rz","src":"https:\/\/i0.wp.com\/www.camper.is\/wp-content\/uploads\/2026\/03\/WhatsApp-Image-2026-03-05-at-7.08.37-PM-1.jpeg?fit=1200%2C901&quality=80&ssl=1&resize=350%2C200","width":350,"height":200,"srcset":"https:\/\/i0.wp.com\/www.camper.is\/wp-content\/uploads\/2026\/03\/WhatsApp-Image-2026-03-05-at-7.08.37-PM-1.jpeg?fit=1200%2C901&quality=80&ssl=1&resize=350%2C200 1x, https:\/\/i0.wp.com\/www.camper.is\/wp-content\/uploads\/2026\/03\/WhatsApp-Image-2026-03-05-at-7.08.37-PM-1.jpeg?fit=1200%2C901&quality=80&ssl=1&resize=525%2C300 1.5x, https:\/\/i0.wp.com\/www.camper.is\/wp-content\/uploads\/2026\/03\/WhatsApp-Image-2026-03-05-at-7.08.37-PM-1.jpeg?fit=1200%2C901&quality=80&ssl=1&resize=700%2C400 2x, https:\/\/i0.wp.com\/www.camper.is\/wp-content\/uploads\/2026\/03\/WhatsApp-Image-2026-03-05-at-7.08.37-PM-1.jpeg?fit=1200%2C901&quality=80&ssl=1&resize=1050%2C600 3x"},"classes":[]},{"id":71030,"url":"https:\/\/www.camper.is\/de\/erleben-sie-das-erwachen-der-natur-walbeobachtung-und-nordlichter-im-april-reisen-mit-wohnmobil-und-4x4-camper\/","url_meta":{"origin":68848,"position":2},"title":"Erleben Sie das Erwachen der Natur - Walbeobachtung und Nordlichter im April! Reisen mit Wohnmobil und 4&#215;4 Camper","author":"Marion Johnson","date":"12. M\u00e4rz 2025","format":false,"excerpt":"Liebe isl\u00e4ndische Freunde Ich hoffe, es geht Ihnen gut und Sie freuen sich auf den bevorstehenden Fr\u00fchling. Wenn die Tage l\u00e4nger werden und der Winter sich aus dem Griff l\u00f6st, verwandelt sich Island in ein atemberaubendes Naturschauspiel. Im April haben Sie die einmalige Gelegenheit, zwei bemerkenswerte Ph\u00e4nomene zu erleben, die\u2026","rel":"","context":"In &quot;News &amp; Produkt-Updates&quot;","block_context":{"text":"News &amp; Produkt-Updates","link":"https:\/\/www.camper.is\/de\/news-produkt-updates\/"},"img":{"alt_text":"","src":"","width":0,"height":0},"classes":[]},{"id":75067,"url":"https:\/\/www.camper.is\/de\/lassen-sie-uns-den-islaendischen-sommer-feiern-rabatt-im-juni-2018\/","url_meta":{"origin":68848,"position":3},"title":"Lassen Sie uns den isl\u00e4ndischen Sommer feiern! Rabatt im Juni 2018","author":"Marion Johnson","date":"26. M\u00e4rz 2026","format":false,"excerpt":"Der isl\u00e4ndische Sommer: Wenn Eis und Schnee schmelzen und das Gras gr\u00fcn wird, wird Island lebendig und zeigt seine Energie. Besuchen Sie Island, genie\u00dfen Sie die Feste und Veranstaltungen und reisen Sie mit einem Wohnmobil oder 4x4 Camper von Camper Iceland. Profitieren Sie von unserem 25%igen Rabatt auf Mieten im\u2026","rel":"","context":"In &quot;News &amp; Produkt-Updates&quot;","block_context":{"text":"News &amp; Produkt-Updates","link":"https:\/\/www.camper.is\/de\/news-produkt-updates\/"},"img":{"alt_text":"","src":"https:\/\/i0.wp.com\/www.camper.is\/wp-content\/uploads\/2018\/04\/276A9991.jpg?fit=858%2C1144&quality=80&ssl=1&resize=350%2C200","width":350,"height":200,"srcset":"https:\/\/i0.wp.com\/www.camper.is\/wp-content\/uploads\/2018\/04\/276A9991.jpg?fit=858%2C1144&quality=80&ssl=1&resize=350%2C200 1x, https:\/\/i0.wp.com\/www.camper.is\/wp-content\/uploads\/2018\/04\/276A9991.jpg?fit=858%2C1144&quality=80&ssl=1&resize=525%2C300 1.5x, https:\/\/i0.wp.com\/www.camper.is\/wp-content\/uploads\/2018\/04\/276A9991.jpg?fit=858%2C1144&quality=80&ssl=1&resize=700%2C400 2x"},"classes":[]},{"id":75606,"url":"https:\/\/www.camper.is\/de\/entdecken-sie-den-gullfoss-und-sparen-sie-30-bei-ihrem-island-fruehjahrs-wohnmobil-und-4x4-camper-abenteuer\/","url_meta":{"origin":68848,"position":4},"title":"Entdecken Sie den Gullfoss und sparen Sie 30% bei Ihrem Island-Fr\u00fchjahrs-Wohnmobil und 4&#215;4 Camper Abenteuer!","author":"Marion Johnson","date":"6. April 2026","format":false,"excerpt":"Tr\u00e4umen Sie von dem Land aus Feuer und Eis? Der beste Weg, Islands atemberaubende Landschaften zu erleben - von den sp\u00e4ten Nordlichtern im April bis zum endlosen Tageslicht im Juni - ist die Freiheit und Flexibilit\u00e4t eines Camper Island Hauses auf R\u00e4dern. Ein Highlight, das unbedingt auf Ihrem Reiseplan stehen\u2026","rel":"","context":"In &quot;News &amp; Produkt-Updates&quot;","block_context":{"text":"News &amp; Produkt-Updates","link":"https:\/\/www.camper.is\/de\/news-produkt-updates\/"},"img":{"alt_text":"Gullfoss","src":"https:\/\/i0.wp.com\/www.camper.is\/wp-content\/uploads\/2026\/04\/WhatsApp-Image-2025-09-01-at-10.49.38-AM-1.jpeg?fit=900%2C1200&quality=80&ssl=1&resize=350%2C200","width":350,"height":200,"srcset":"https:\/\/i0.wp.com\/www.camper.is\/wp-content\/uploads\/2026\/04\/WhatsApp-Image-2025-09-01-at-10.49.38-AM-1.jpeg?fit=900%2C1200&quality=80&ssl=1&resize=350%2C200 1x, https:\/\/i0.wp.com\/www.camper.is\/wp-content\/uploads\/2026\/04\/WhatsApp-Image-2025-09-01-at-10.49.38-AM-1.jpeg?fit=900%2C1200&quality=80&ssl=1&resize=525%2C300 1.5x, https:\/\/i0.wp.com\/www.camper.is\/wp-content\/uploads\/2026\/04\/WhatsApp-Image-2025-09-01-at-10.49.38-AM-1.jpeg?fit=900%2C1200&quality=80&ssl=1&resize=700%2C400 2x"},"classes":[]},{"id":57655,"url":"https:\/\/www.camper.is\/de\/update-vulkan\/","url_meta":{"origin":68848,"position":5},"title":"Update Vulkan","author":"admin","date":"10. Juli 2023","format":false,"excerpt":"Dies ist ein brandneues Bild, das erst vor wenigen Minuten aufgenommen wurde, Quelle RUV: Von uns aufgenommenes Bild von der Hauptstra\u00dfe aus (Keilir ist links, die Wolke rechts ist der Vulkan): In Island scheinen alle gelassen auf den neuen Vulkan zu reagieren. Die Menschen halten an, um Fotos von der\u2026","rel":"","context":"In &quot;Vulkan&quot;","block_context":{"text":"Vulkan","link":"https:\/\/www.camper.is\/de\/news-produkt-updates\/vulkan\/"},"img":{"alt_text":"","src":"https:\/\/i0.wp.com\/www.camper.is\/wp-content\/uploads\/2023\/07\/IMG_0199.jpeg?fit=1200%2C580&quality=80&ssl=1&resize=350%2C200","width":350,"height":200,"srcset":"https:\/\/i0.wp.com\/www.camper.is\/wp-content\/uploads\/2023\/07\/IMG_0199.jpeg?fit=1200%2C580&quality=80&ssl=1&resize=350%2C200 1x, https:\/\/i0.wp.com\/www.camper.is\/wp-content\/uploads\/2023\/07\/IMG_0199.jpeg?fit=1200%2C580&quality=80&ssl=1&resize=525%2C300 1.5x, https:\/\/i0.wp.com\/www.camper.is\/wp-content\/uploads\/2023\/07\/IMG_0199.jpeg?fit=1200%2C580&quality=80&ssl=1&resize=700%2C400 2x, https:\/\/i0.wp.com\/www.camper.is\/wp-content\/uploads\/2023\/07\/IMG_0199.jpeg?fit=1200%2C580&quality=80&ssl=1&resize=1050%2C600 3x"},"classes":[]}],"_links":{"self":[{"href":"https:\/\/www.camper.is\/de\/wp-json\/wp\/v2\/posts\/68848","targetHints":{"allow":["GET"]}}],"collection":[{"href":"https:\/\/www.camper.is\/de\/wp-json\/wp\/v2\/posts"}],"about":[{"href":"https:\/\/www.camper.is\/de\/wp-json\/wp\/v2\/types\/post"}],"author":[{"embeddable":true,"href":"https:\/\/www.camper.is\/de\/wp-json\/wp\/v2\/users\/1"}],"replies":[{"embeddable":true,"href":"https:\/\/www.camper.is\/de\/wp-json\/wp\/v2\/comments?post=68848"}],"version-history":[{"count":1,"href":"https:\/\/www.camper.is\/de\/wp-json\/wp\/v2\/posts\/68848\/revisions"}],"predecessor-version":[{"id":68861,"href":"https:\/\/www.camper.is\/de\/wp-json\/wp\/v2\/posts\/68848\/revisions\/68861"}],"wp:featuredmedia":[{"embeddable":true,"href":"https:\/\/www.camper.is\/de\/wp-json\/wp\/v2\/media\/68855"}],"wp:attachment":[{"href":"https:\/\/www.camper.is\/de\/wp-json\/wp\/v2\/media?parent=68848"}],"wp:term":[{"taxonomy":"category","embeddable":true,"href":"https:\/\/www.camper.is\/de\/wp-json\/wp\/v2\/categories?post=68848"},{"taxonomy":"post_tag","embeddable":true,"href":"https:\/\/www.camper.is\/de\/wp-json\/wp\/v2\/tags?post=68848"}],"curies":[{"name":"wp","href":"https:\/\/api.w.org\/{rel}","templated":true}]}}