{"id":45766,"date":"2021-04-05T12:57:50","date_gmt":"2021-04-05T12:57:50","guid":{"rendered":"https:\/\/www.campericeland.is\/zweiter-vulkan-bricht-aus-auf-island\/"},"modified":"2021-04-05T12:57:50","modified_gmt":"2021-04-05T12:57:50","slug":"zweiter-vulkan-bricht-aus-auf-island","status":"publish","type":"post","link":"https:\/\/www.camper.is\/de\/zweiter-vulkan-bricht-aus-auf-island\/","title":{"rendered":"Zweiter Vulkan bricht aus auf Island"},"content":{"rendered":"<p>W\u00e4hrend Touristen und Einheimische den Vulkan besuchen, bricht ein weiterer Vulkan aus. Die lokalen Beh\u00f6rden haben das Gel\u00e4nde geschlossen und versuchen das Gebiet zu r\u00e4umen. Ein Hubschrauber der Spezialeinheiten ist unterwegs, um zu helfen.<\/p>\n<p>Der neue Vulkan brach vor wenigen Minuten 500 Meter nord\u00f6stlich des ersten (Geldingardal) aus. Man sieht den neuen Vulkan bestens auf der Live Cam. Der Ausbruch wurde durch den Flugturm in Keflavik gemeldet, dank Informationen von Piloten.<\/p>\n<p>Wie wir vor Tagen berichteten, scheint es ziemlich seltsam, dass die Menschen mehr Angst vor COVID-19 haben als vor dem Besuch eines aktiven Vulkans. Wir hoffen nur, dass alles gut geht und die Besucher problemlos wegkommen k\u00f6nnen.<\/p>\n<p>Wir haben diesen Screenshot jetzt gemacht. Besuchen Sie die Webcam auf Youtube: <a href=\"https:\/\/www.youtube.com\/watch?v=BA-9QzIcr3c\" target=\"_blank\" rel=\"noopener\">watch<\/a><\/p>\n<p><img data-recalc-dims=\"1\" loading=\"lazy\" decoding=\"async\" class=\"alignnone size-full wp-image-45763\" src=\"https:\/\/i0.wp.com\/www.campericeland.is\/wp-content\/uploads\/2021\/04\/Screenshot-2021-04-05-at-14.49.53.png?resize=1080%2C680&#038;quality=72&#038;ssl=1\" alt=\"\" width=\"1080\" height=\"680\" title=\"\" srcset=\"https:\/\/www.campericeland.is\/wp-content\/uploads\/2021\/04\/Screenshot-2021-04-05-at-14.49.53.png 1500w, https:\/\/www.campericeland.is\/wp-content\/uploads\/2021\/04\/Screenshot-2021-04-05-at-14.49.53-1280x806.png 1280w, https:\/\/www.campericeland.is\/wp-content\/uploads\/2021\/04\/Screenshot-2021-04-05-at-14.49.53-980x617.png 980w, https:\/\/www.campericeland.is\/wp-content\/uploads\/2021\/04\/Screenshot-2021-04-05-at-14.49.53-480x302.png 480w\" sizes=\"(min-width: 0px) and (max-width: 480px) 480px, (min-width: 481px) and (max-width: 980px) 980px, (min-width: 981px) and (max-width: 1280px) 1280px, (min-width: 1281px) 1500px, 100vw\" \/><\/p>\n","protected":false},"excerpt":{"rendered":"<p>W\u00e4hrend Touristen und Einheimische den Vulkan besuchen, bricht ein weiterer Vulkan aus. Die lokalen Beh\u00f6rden haben das Gel\u00e4nde geschlossen und versuchen das Gebiet zu r\u00e4umen. Ein Hubschrauber der Spezialeinheiten ist unterwegs, um zu helfen. Der neue Vulkan brach vor wenigen Minuten 500 Meter nord\u00f6stlich des ersten (Geldingardal) aus. Man sieht den neuen Vulkan bestens auf [&hellip;]<\/p>\n","protected":false},"author":1,"featured_media":45763,"comment_status":"open","ping_status":"open","sticky":false,"template":"","format":"standard","meta":{"_acf_changed":false,"jetpack_post_was_ever_published":false,"_jetpack_newsletter_access":"","_jetpack_dont_email_post_to_subs":false,"_jetpack_newsletter_tier_id":0,"_jetpack_memberships_contains_paywalled_content":false,"_jetpack_memberships_contains_paid_content":false,"footnotes":""},"categories":[275],"tags":[],"class_list":["post-45766","post","type-post","status-publish","format-standard","has-post-thumbnail","hentry","category-vulkan"],"acf":[],"jetpack_featured_media_url":"https:\/\/i0.wp.com\/www.camper.is\/wp-content\/uploads\/2021\/04\/Screenshot-2021-04-05-at-14.49.53.png?fit=1500%2C944&quality=72&ssl=1","jetpack_sharing_enabled":true,"jetpack_shortlink":"https:\/\/wp.me\/p569lP-bUa","jetpack-related-posts":[{"id":45620,"url":"https:\/\/www.camper.is\/de\/besuchen-sie-den-vulkan-wie-die-islaender\/","url_meta":{"origin":45766,"position":0},"title":"Besuchen Sie den Vulkan, wie die Isl\u00e4nder","author":"admin","date":"22. M\u00e4rz 2021","format":false,"excerpt":"Vielleicht haben Sie vor einer Woche \u00fcber unseren 15% Rabatt gelesen. Sie m\u00fcssen lediglich den Gutscheincode VOLCANO in unsere Buchungsmaschine eingeben. Erhalten Sie die neuesten Nachrichten, Live-Kameras und Rabatte auf unserer VOLCANO-SEITE. Nachrichten aus Island: \"Der Ausbruch ist ein grossartiges Spektakel, und obwohl der Tag schwierig war, hat er sich\u2026","rel":"","context":"In &quot;Vulkan&quot;","block_context":{"text":"Vulkan","link":"https:\/\/www.camper.is\/de\/news-produkt-updates\/vulkan\/"},"img":{"alt_text":"","src":"https:\/\/i0.wp.com\/www.camper.is\/wp-content\/uploads\/2021\/03\/mogginn62.jpg?fit=1200%2C901&quality=80&ssl=1&resize=350%2C200","width":350,"height":200,"srcset":"https:\/\/i0.wp.com\/www.camper.is\/wp-content\/uploads\/2021\/03\/mogginn62.jpg?fit=1200%2C901&quality=80&ssl=1&resize=350%2C200 1x, https:\/\/i0.wp.com\/www.camper.is\/wp-content\/uploads\/2021\/03\/mogginn62.jpg?fit=1200%2C901&quality=80&ssl=1&resize=525%2C300 1.5x, https:\/\/i0.wp.com\/www.camper.is\/wp-content\/uploads\/2021\/03\/mogginn62.jpg?fit=1200%2C901&quality=80&ssl=1&resize=700%2C400 2x, https:\/\/i0.wp.com\/www.camper.is\/wp-content\/uploads\/2021\/03\/mogginn62.jpg?fit=1200%2C901&quality=80&ssl=1&resize=1050%2C600 3x"},"classes":[]},{"id":59190,"url":"https:\/\/www.camper.is\/de\/der-vulkan-hat-gerade-begonnen-live-stream\/","url_meta":{"origin":45766,"position":1},"title":"Der Vulkan hat gerade begonnen - Live-Stream","author":"admin","date":"19. Dezember 2023","format":false,"excerpt":"Eilmeldung aus Island Zum vierten Mal in nur drei Jahren k\u00f6nnen wir die Botschaft \"Der Vulkan ist wieder ausgebrochen\" verk\u00fcnden. Die Zeitung Morgunbla\u00f0i\u00f0 schrieb gerade Folgendes: \"Auf der Reykjanes-Halbinsel hat eine Eruption begonnen, die vierte in drei Jahren. Das Feuer brach n\u00f6rdlich von Grindav\u00edk aus, in der N\u00e4he von Hagafell\u2026","rel":"","context":"In &quot;Vulkan&quot;","block_context":{"text":"Vulkan","link":"https:\/\/www.camper.is\/de\/news-produkt-updates\/vulkan\/"},"img":{"alt_text":"","src":"https:\/\/i0.wp.com\/www.camper.is\/wp-content\/uploads\/2023\/12\/volcano_2023.png?fit=1200%2C802&quality=72&ssl=1&resize=350%2C200","width":350,"height":200,"srcset":"https:\/\/i0.wp.com\/www.camper.is\/wp-content\/uploads\/2023\/12\/volcano_2023.png?fit=1200%2C802&quality=72&ssl=1&resize=350%2C200 1x, https:\/\/i0.wp.com\/www.camper.is\/wp-content\/uploads\/2023\/12\/volcano_2023.png?fit=1200%2C802&quality=72&ssl=1&resize=525%2C300 1.5x, https:\/\/i0.wp.com\/www.camper.is\/wp-content\/uploads\/2023\/12\/volcano_2023.png?fit=1200%2C802&quality=72&ssl=1&resize=700%2C400 2x, https:\/\/i0.wp.com\/www.camper.is\/wp-content\/uploads\/2023\/12\/volcano_2023.png?fit=1200%2C802&quality=72&ssl=1&resize=1050%2C600 3x"},"classes":[]},{"id":57655,"url":"https:\/\/www.camper.is\/de\/update-vulkan\/","url_meta":{"origin":45766,"position":2},"title":"Update Vulkan","author":"admin","date":"10. Juli 2023","format":false,"excerpt":"Dies ist ein brandneues Bild, das erst vor wenigen Minuten aufgenommen wurde, Quelle RUV: Von uns aufgenommenes Bild von der Hauptstra\u00dfe aus (Keilir ist links, die Wolke rechts ist der Vulkan): In Island scheinen alle gelassen auf den neuen Vulkan zu reagieren. Die Menschen halten an, um Fotos von der\u2026","rel":"","context":"In &quot;Vulkan&quot;","block_context":{"text":"Vulkan","link":"https:\/\/www.camper.is\/de\/news-produkt-updates\/vulkan\/"},"img":{"alt_text":"","src":"https:\/\/i0.wp.com\/www.camper.is\/wp-content\/uploads\/2023\/07\/IMG_0199.jpeg?fit=1200%2C580&quality=80&ssl=1&resize=350%2C200","width":350,"height":200,"srcset":"https:\/\/i0.wp.com\/www.camper.is\/wp-content\/uploads\/2023\/07\/IMG_0199.jpeg?fit=1200%2C580&quality=80&ssl=1&resize=350%2C200 1x, https:\/\/i0.wp.com\/www.camper.is\/wp-content\/uploads\/2023\/07\/IMG_0199.jpeg?fit=1200%2C580&quality=80&ssl=1&resize=525%2C300 1.5x, https:\/\/i0.wp.com\/www.camper.is\/wp-content\/uploads\/2023\/07\/IMG_0199.jpeg?fit=1200%2C580&quality=80&ssl=1&resize=700%2C400 2x, https:\/\/i0.wp.com\/www.camper.is\/wp-content\/uploads\/2023\/07\/IMG_0199.jpeg?fit=1200%2C580&quality=80&ssl=1&resize=1050%2C600 3x"},"classes":[]},{"id":69316,"url":"https:\/\/www.camper.is\/de\/entdecken-sie-islands-naturwunder-mit-unseren-speziellen-fruehlingsangeboten-besuchen-sie-das-schoene-island-im-mai-oder-juni-2025\/","url_meta":{"origin":45766,"position":3},"title":"Entdecken Sie Islands Naturwunder mit unseren speziellen Fr\u00fchlingsangeboten - besuchen Sie das sch\u00f6ne Island im Mai oder Juni 2025","author":"Marion Johnson","date":"2. Februar 2025","format":false,"excerpt":"Liebe Island-Enthusiasten, Tr\u00e4umen Sie schon von Ihrem n\u00e4chsten Abenteuer? Wenn Sie auf der Suche nach einem unvergesslichen Erlebnis inmitten der atemberaubendsten Naturschauspiele sind, dann ist Island das perfekte Reiseziel f\u00fcr Sie. Stellen Sie sich vor, Sie wachen auf und h\u00f6ren das Zwitschern der V\u00f6gel und den Anblick der majest\u00e4tischen Berge\u2026","rel":"","context":"In &quot;News &amp; Produkt-Updates&quot;","block_context":{"text":"News &amp; Produkt-Updates","link":"https:\/\/www.camper.is\/de\/news-produkt-updates\/"},"img":{"alt_text":"","src":"https:\/\/i0.wp.com\/www.camper.is\/wp-content\/uploads\/2025\/02\/1000022334.jpeg?fit=640%2C296&quality=80&ssl=1&resize=350%2C200","width":350,"height":200,"srcset":"https:\/\/i0.wp.com\/www.camper.is\/wp-content\/uploads\/2025\/02\/1000022334.jpeg?fit=640%2C296&quality=80&ssl=1&resize=350%2C200 1x, https:\/\/i0.wp.com\/www.camper.is\/wp-content\/uploads\/2025\/02\/1000022334.jpeg?fit=640%2C296&quality=80&ssl=1&resize=525%2C300 1.5x"},"classes":[]},{"id":45790,"url":"https:\/\/www.camper.is\/de\/dritter-vulkan-auf-island\/","url_meta":{"origin":45766,"position":4},"title":"Dritter Vulkan auf Island","author":"admin","date":"7. April 2021","format":false,"excerpt":"Theoretisch ist es derselbe Vulkan. Laut Einar Hj\u00f6rleifsson, einem Naturschutzexperten des isl\u00e4ndischen Wetteramtes, \u00f6ffnete sich der dritte Spalt um Mitternacht zwischen den beiden \"Vulkanen\" in Reykjanes. Der neue Spalt \u00f6ffnete sich direkt vor der Webcam von mbl.is und Sie k\u00f6nnen den neuen Lavastrom direkt darunter sehen. Einar sagt, dass die\u2026","rel":"","context":"In &quot;Vulkan&quot;","block_context":{"text":"Vulkan","link":"https:\/\/www.camper.is\/de\/news-produkt-updates\/vulkan\/"},"img":{"alt_text":"","src":"https:\/\/i0.wp.com\/www.camper.is\/wp-content\/uploads\/2021\/04\/third.jpeg?fit=1200%2C800&quality=80&ssl=1&resize=350%2C200","width":350,"height":200,"srcset":"https:\/\/i0.wp.com\/www.camper.is\/wp-content\/uploads\/2021\/04\/third.jpeg?fit=1200%2C800&quality=80&ssl=1&resize=350%2C200 1x, https:\/\/i0.wp.com\/www.camper.is\/wp-content\/uploads\/2021\/04\/third.jpeg?fit=1200%2C800&quality=80&ssl=1&resize=525%2C300 1.5x, https:\/\/i0.wp.com\/www.camper.is\/wp-content\/uploads\/2021\/04\/third.jpeg?fit=1200%2C800&quality=80&ssl=1&resize=700%2C400 2x, https:\/\/i0.wp.com\/www.camper.is\/wp-content\/uploads\/2021\/04\/third.jpeg?fit=1200%2C800&quality=80&ssl=1&resize=1050%2C600 3x"},"classes":[]},{"id":54018,"url":"https:\/\/www.camper.is\/de\/der-vulkan-ist-zurueck-island\/","url_meta":{"origin":45766,"position":5},"title":"Der Vulkan ist zur\u00fcck - Island","author":"admin","date":"3. August 2022","format":false,"excerpt":"Liebe Freunde von Camper Island Der Vulkan ist wieder online! Wir haben mehreren Kunden versprochen, sie sofort zu informieren, wenn der Vulkan wieder ausbrechen sollte. H\u00f6rt euch das an! H\u00f6rt euch das an! Er ist wieder in seinem alten Glanz erstrahlt. Manche sagen, dass dieser Ausbruch anders ist als der\u2026","rel":"","context":"In &quot;Vulkan&quot;","block_context":{"text":"Vulkan","link":"https:\/\/www.camper.is\/de\/news-produkt-updates\/vulkan\/"},"img":{"alt_text":"","src":"https:\/\/i0.wp.com\/www.camper.is\/wp-content\/uploads\/2022\/08\/DSC04733-scaled.jpg?fit=1200%2C802&quality=80&ssl=1&resize=350%2C200","width":350,"height":200,"srcset":"https:\/\/i0.wp.com\/www.camper.is\/wp-content\/uploads\/2022\/08\/DSC04733-scaled.jpg?fit=1200%2C802&quality=80&ssl=1&resize=350%2C200 1x, https:\/\/i0.wp.com\/www.camper.is\/wp-content\/uploads\/2022\/08\/DSC04733-scaled.jpg?fit=1200%2C802&quality=80&ssl=1&resize=525%2C300 1.5x, https:\/\/i0.wp.com\/www.camper.is\/wp-content\/uploads\/2022\/08\/DSC04733-scaled.jpg?fit=1200%2C802&quality=80&ssl=1&resize=700%2C400 2x, https:\/\/i0.wp.com\/www.camper.is\/wp-content\/uploads\/2022\/08\/DSC04733-scaled.jpg?fit=1200%2C802&quality=80&ssl=1&resize=1050%2C600 3x"},"classes":[]}],"_links":{"self":[{"href":"https:\/\/www.camper.is\/de\/wp-json\/wp\/v2\/posts\/45766","targetHints":{"allow":["GET"]}}],"collection":[{"href":"https:\/\/www.camper.is\/de\/wp-json\/wp\/v2\/posts"}],"about":[{"href":"https:\/\/www.camper.is\/de\/wp-json\/wp\/v2\/types\/post"}],"author":[{"embeddable":true,"href":"https:\/\/www.camper.is\/de\/wp-json\/wp\/v2\/users\/1"}],"replies":[{"embeddable":true,"href":"https:\/\/www.camper.is\/de\/wp-json\/wp\/v2\/comments?post=45766"}],"version-history":[{"count":0,"href":"https:\/\/www.camper.is\/de\/wp-json\/wp\/v2\/posts\/45766\/revisions"}],"wp:featuredmedia":[{"embeddable":true,"href":"https:\/\/www.camper.is\/de\/wp-json\/wp\/v2\/media\/45763"}],"wp:attachment":[{"href":"https:\/\/www.camper.is\/de\/wp-json\/wp\/v2\/media?parent=45766"}],"wp:term":[{"taxonomy":"category","embeddable":true,"href":"https:\/\/www.camper.is\/de\/wp-json\/wp\/v2\/categories?post=45766"},{"taxonomy":"post_tag","embeddable":true,"href":"https:\/\/www.camper.is\/de\/wp-json\/wp\/v2\/tags?post=45766"}],"curies":[{"name":"wp","href":"https:\/\/api.w.org\/{rel}","templated":true}]}}