{"id":45620,"date":"2021-03-22T06:47:54","date_gmt":"2021-03-22T06:47:54","guid":{"rendered":"https:\/\/www.campericeland.is\/besuchen-sie-den-vulkan-wie-die-islaender\/"},"modified":"2021-03-22T06:47:54","modified_gmt":"2021-03-22T06:47:54","slug":"besuchen-sie-den-vulkan-wie-die-islaender","status":"publish","type":"post","link":"https:\/\/www.camper.is\/de\/besuchen-sie-den-vulkan-wie-die-islaender\/","title":{"rendered":"Besuchen Sie den Vulkan, wie die Isl\u00e4nder"},"content":{"rendered":"<p>Vielleicht haben Sie vor einer Woche \u00fcber unseren 15% Rabatt gelesen. Sie m\u00fcssen lediglich den Gutscheincode VOLCANO in unsere Buchungsmaschine eingeben. Erhalten Sie die neuesten Nachrichten, Live-Kameras und Rabatte auf unserer <a href=\"https:\/\/www.campericeland.is\/volcano-news\/\" target=\"_blank\" rel=\"noopener\">VOLCANO-SEITE<\/a>.<\/p>\n<p><img data-recalc-dims=\"1\" loading=\"lazy\" decoding=\"async\" class=\"alignnone size-full wp-image-45617\" src=\"https:\/\/i0.wp.com\/www.campericeland.is\/wp-content\/uploads\/2021\/03\/mogginn60.jpg?resize=1080%2C686&#038;quality=80&#038;ssl=1\" alt=\"\" width=\"1080\" height=\"686\" title=\"\" srcset=\"https:\/\/www.campericeland.is\/wp-content\/uploads\/2021\/03\/mogginn60.jpg 1640w, https:\/\/www.campericeland.is\/wp-content\/uploads\/2021\/03\/mogginn60-1280x813.jpg 1280w, https:\/\/www.campericeland.is\/wp-content\/uploads\/2021\/03\/mogginn60-980x623.jpg 980w, https:\/\/www.campericeland.is\/wp-content\/uploads\/2021\/03\/mogginn60-480x305.jpg 480w\" sizes=\"(min-width: 0px) and (max-width: 480px) 480px, (min-width: 481px) and (max-width: 980px) 980px, (min-width: 981px) and (max-width: 1280px) 1280px, (min-width: 1281px) 1640px, 100vw\" \/><\/p>\n<p>Nachrichten aus Island: &#8222;Der Ausbruch ist ein grossartiges Spektakel, und obwohl der Tag schwierig war, hat er sich absolut gelohnt&#8220;, sagt Ingenieur J\u00f3hann Bj\u00f6rgvinsson. Hunderte von Menschen - wenn nicht mehr - betreten heute das Gebiet um den Vulkan, um den Ausbruch von Fagradalsfjall in Tal Geldingardalur zu sehen. Viele Menschen parkten ihre Autos bei Grindav\u00edkurvegur in der N\u00e4he von Svartsengi und gingen von dort durch die Lava nach Osten. Andere gingen von Su\u00f0urstrandavegur, also aus Hraun, ein kurzes St\u00fcck \u00f6stlich von Grindav\u00edk, zur Eruptionsstelle.<\/p>\n<h2>Viele Unsicherheiten<\/h2>\n<p>&#8222;Es hat viel Spass gemacht, heute um die Lava herumzulaufen, hoffentlich kehren alle gesund und munter zur\u00fcck. Diese Strecke ist insgesamt 20 Kilometer lang und es besteht die Gefahr, dass einige Leute untersch\u00e4tzen, dass dies schwierig sein kann.&#8220;<\/p>\n<p>J\u00f3hann sagt, er geniesse Geologie und reflektiere die Ph\u00e4nomene der Natur. Es ist jedoch unm\u00f6glich, etwas \u00fcber den Fortschritt des Ausbruchs zu sagen, ausser dass die Naturkr\u00e4fte immer ihren Weg finden.<\/p>\n<p>\u201eGeologie und Wirtschaft sind sich ein bisschen \u00e4hnlich. Es gibt viele Unsicherheiten und Probleme, die oft unerwartete Wendungen nehmen. Aber die Hauptsache ist, dass die Menschen sich jetzt bewegen und lange Spazierg\u00e4nge machen k\u00f6nnen.&#8220;<\/p>\n<h2>Island ist grossartig<\/h2>\n<p>&#8222;Unwiderstehlich. Eine grossartige Show wie diese direkt an der Stadtgrenze zu haben und dorthin zu gelangen, ist eines der Dinge, die Island so grossartig machen. Dieser Tag wird lange in Erinnerung bleiben&#8220;, sagt Dagn\u00fd Hinriksd\u00f3ttir. Morgunbla\u00f0i\u00f0 traf Dagn\u00fd und ihren Sohn Fri\u00f0bert Darri, als sie nach dem letzten Blick auf den Vulkan zum Parkplatz zur\u00fcckkehrten.<\/p>\n<p><img data-recalc-dims=\"1\" loading=\"lazy\" decoding=\"async\" class=\"alignnone size-full wp-image-45611\" src=\"https:\/\/i0.wp.com\/www.campericeland.is\/wp-content\/uploads\/2021\/03\/mogginn61.jpg?resize=1080%2C720&#038;quality=80&#038;ssl=1\" alt=\"\" width=\"1080\" height=\"720\" title=\"\" srcset=\"https:\/\/www.campericeland.is\/wp-content\/uploads\/2021\/03\/mogginn61.jpg 1640w, https:\/\/www.campericeland.is\/wp-content\/uploads\/2021\/03\/mogginn61-1280x854.jpg 1280w, https:\/\/www.campericeland.is\/wp-content\/uploads\/2021\/03\/mogginn61-980x654.jpg 980w, https:\/\/www.campericeland.is\/wp-content\/uploads\/2021\/03\/mogginn61-480x320.jpg 480w\" sizes=\"(min-width: 0px) and (max-width: 480px) 480px, (min-width: 481px) and (max-width: 980px) 980px, (min-width: 981px) and (max-width: 1280px) 1280px, (min-width: 1281px) 1640px, 100vw\" \/><\/p>\n<p>&#8222;Schliesslich haben die Menschen des Landes etwas Neues zum Nachdenken bekommen, aber im letzten Jahr war das Koronarvirus das Problem und hat die B\u00fchne betreten. Heute waren Hunderte von Menschen am Krater und weilten beim Berg Fagradalsfjall. Es war wie ein Outdoor-Festival, und vielleicht ist dies das einzige, das wir dieses Jahr bekommen. Aber es gab Leute mit Drohnen, Kameras und einem, der Gitarre spielt&#8220;, sagt Dagn\u00fd:<\/p>\n<h2>Versuchung zur\u00fcckzukehren<\/h2>\n<p>&#8222;Nat\u00fcrlich waren einige nicht besonders gut ausger\u00fcstet, aber ich hoffe immer noch, dass alle gesund und munter zur\u00fcckkommen. Direkt neben dem Krater zu sein, in dem die Lava ausbricht, packt dich stark. Ich war dem Ausbruch dort viel n\u00e4her als damals beim Fimmv\u00f6r\u00f0uh\u00e1ls, als Magni und M\u00f3\u00f0i, die Krater dort, aus dem Boden sprangen&#8220;, sagt Dagn\u00fd. F\u00fcgt hinzu, dass es verlockend ist, zum Vulkan zur\u00fcckzukehren, dann unter anderen Umst\u00e4nden<\/p>\n<p>&#8222;Die Wettervorhersage f\u00fcr Dienstag ist gut. Ich m\u00f6chte den Ausbruch im Dunkeln mit all seiner roten Glut sehen&#8220;, sagt Dagn\u00fd<\/p>\n<p>Quelle mbl.is<\/p>\n","protected":false},"excerpt":{"rendered":"<p>Vielleicht haben Sie vor einer Woche \u00fcber unseren 15% Rabatt gelesen. Sie m\u00fcssen lediglich den Gutscheincode VOLCANO in unsere Buchungsmaschine eingeben. Erhalten Sie die neuesten Nachrichten, Live-Kameras und Rabatte auf unserer VOLCANO-SEITE. Nachrichten aus Island: &#8222;Der Ausbruch ist ein grossartiges Spektakel, und obwohl der Tag schwierig war, hat er sich absolut gelohnt&#8220;, sagt Ingenieur J\u00f3hann [&hellip;]<\/p>\n","protected":false},"author":1,"featured_media":45605,"comment_status":"open","ping_status":"open","sticky":false,"template":"","format":"standard","meta":{"_acf_changed":false,"jetpack_post_was_ever_published":false,"_jetpack_newsletter_access":"","_jetpack_dont_email_post_to_subs":false,"_jetpack_newsletter_tier_id":0,"_jetpack_memberships_contains_paywalled_content":false,"_jetpack_memberships_contains_paid_content":false,"footnotes":""},"categories":[275],"tags":[],"class_list":["post-45620","post","type-post","status-publish","format-standard","has-post-thumbnail","hentry","category-vulkan"],"acf":[],"jetpack_featured_media_url":"https:\/\/i0.wp.com\/www.camper.is\/wp-content\/uploads\/2021\/03\/mogginn62.jpg?fit=1640%2C1231&quality=80&ssl=1","jetpack_sharing_enabled":true,"jetpack_shortlink":"https:\/\/wp.me\/p569lP-bRO","jetpack-related-posts":[{"id":59190,"url":"https:\/\/www.camper.is\/de\/der-vulkan-hat-gerade-begonnen-live-stream\/","url_meta":{"origin":45620,"position":0},"title":"Der Vulkan hat gerade begonnen - Live-Stream","author":"admin","date":"19. Dezember 2023","format":false,"excerpt":"Eilmeldung aus Island Zum vierten Mal in nur drei Jahren k\u00f6nnen wir die Botschaft \"Der Vulkan ist wieder ausgebrochen\" verk\u00fcnden. Die Zeitung Morgunbla\u00f0i\u00f0 schrieb gerade Folgendes: \"Auf der Reykjanes-Halbinsel hat eine Eruption begonnen, die vierte in drei Jahren. Das Feuer brach n\u00f6rdlich von Grindav\u00edk aus, in der N\u00e4he von Hagafell\u2026","rel":"","context":"In &quot;Vulkan&quot;","block_context":{"text":"Vulkan","link":"https:\/\/www.camper.is\/de\/news-produkt-updates\/vulkan\/"},"img":{"alt_text":"","src":"https:\/\/i0.wp.com\/www.camper.is\/wp-content\/uploads\/2023\/12\/volcano_2023.png?fit=1200%2C802&quality=72&ssl=1&resize=350%2C200","width":350,"height":200,"srcset":"https:\/\/i0.wp.com\/www.camper.is\/wp-content\/uploads\/2023\/12\/volcano_2023.png?fit=1200%2C802&quality=72&ssl=1&resize=350%2C200 1x, https:\/\/i0.wp.com\/www.camper.is\/wp-content\/uploads\/2023\/12\/volcano_2023.png?fit=1200%2C802&quality=72&ssl=1&resize=525%2C300 1.5x, https:\/\/i0.wp.com\/www.camper.is\/wp-content\/uploads\/2023\/12\/volcano_2023.png?fit=1200%2C802&quality=72&ssl=1&resize=700%2C400 2x, https:\/\/i0.wp.com\/www.camper.is\/wp-content\/uploads\/2023\/12\/volcano_2023.png?fit=1200%2C802&quality=72&ssl=1&resize=1050%2C600 3x"},"classes":[]},{"id":57655,"url":"https:\/\/www.camper.is\/de\/update-vulkan\/","url_meta":{"origin":45620,"position":1},"title":"Update Vulkan","author":"admin","date":"10. Juli 2023","format":false,"excerpt":"Dies ist ein brandneues Bild, das erst vor wenigen Minuten aufgenommen wurde, Quelle RUV: Von uns aufgenommenes Bild von der Hauptstra\u00dfe aus (Keilir ist links, die Wolke rechts ist der Vulkan): In Island scheinen alle gelassen auf den neuen Vulkan zu reagieren. Die Menschen halten an, um Fotos von der\u2026","rel":"","context":"In &quot;Vulkan&quot;","block_context":{"text":"Vulkan","link":"https:\/\/www.camper.is\/de\/news-produkt-updates\/vulkan\/"},"img":{"alt_text":"","src":"https:\/\/i0.wp.com\/www.camper.is\/wp-content\/uploads\/2023\/07\/IMG_0199.jpeg?fit=1200%2C580&quality=80&ssl=1&resize=350%2C200","width":350,"height":200,"srcset":"https:\/\/i0.wp.com\/www.camper.is\/wp-content\/uploads\/2023\/07\/IMG_0199.jpeg?fit=1200%2C580&quality=80&ssl=1&resize=350%2C200 1x, https:\/\/i0.wp.com\/www.camper.is\/wp-content\/uploads\/2023\/07\/IMG_0199.jpeg?fit=1200%2C580&quality=80&ssl=1&resize=525%2C300 1.5x, https:\/\/i0.wp.com\/www.camper.is\/wp-content\/uploads\/2023\/07\/IMG_0199.jpeg?fit=1200%2C580&quality=80&ssl=1&resize=700%2C400 2x, https:\/\/i0.wp.com\/www.camper.is\/wp-content\/uploads\/2023\/07\/IMG_0199.jpeg?fit=1200%2C580&quality=80&ssl=1&resize=1050%2C600 3x"},"classes":[]},{"id":45766,"url":"https:\/\/www.camper.is\/de\/zweiter-vulkan-bricht-aus-auf-island\/","url_meta":{"origin":45620,"position":2},"title":"Zweiter Vulkan bricht aus auf Island","author":"admin","date":"5. April 2021","format":false,"excerpt":"W\u00e4hrend Touristen und Einheimische den Vulkan besuchen, bricht ein weiterer Vulkan aus. Die lokalen Beh\u00f6rden haben das Gel\u00e4nde geschlossen und versuchen das Gebiet zu r\u00e4umen. Ein Hubschrauber der Spezialeinheiten ist unterwegs, um zu helfen. Der neue Vulkan brach vor wenigen Minuten 500 Meter nord\u00f6stlich des ersten (Geldingardal) aus. Man sieht\u2026","rel":"","context":"In &quot;Vulkan&quot;","block_context":{"text":"Vulkan","link":"https:\/\/www.camper.is\/de\/news-produkt-updates\/vulkan\/"},"img":{"alt_text":"","src":"https:\/\/i0.wp.com\/www.camper.is\/wp-content\/uploads\/2021\/04\/Screenshot-2021-04-05-at-14.49.53.png?fit=1200%2C755&quality=72&ssl=1&resize=350%2C200","width":350,"height":200,"srcset":"https:\/\/i0.wp.com\/www.camper.is\/wp-content\/uploads\/2021\/04\/Screenshot-2021-04-05-at-14.49.53.png?fit=1200%2C755&quality=72&ssl=1&resize=350%2C200 1x, https:\/\/i0.wp.com\/www.camper.is\/wp-content\/uploads\/2021\/04\/Screenshot-2021-04-05-at-14.49.53.png?fit=1200%2C755&quality=72&ssl=1&resize=525%2C300 1.5x, https:\/\/i0.wp.com\/www.camper.is\/wp-content\/uploads\/2021\/04\/Screenshot-2021-04-05-at-14.49.53.png?fit=1200%2C755&quality=72&ssl=1&resize=700%2C400 2x, https:\/\/i0.wp.com\/www.camper.is\/wp-content\/uploads\/2021\/04\/Screenshot-2021-04-05-at-14.49.53.png?fit=1200%2C755&quality=72&ssl=1&resize=1050%2C600 3x"},"classes":[]},{"id":54018,"url":"https:\/\/www.camper.is\/de\/der-vulkan-ist-zurueck-island\/","url_meta":{"origin":45620,"position":3},"title":"Der Vulkan ist zur\u00fcck - Island","author":"admin","date":"3. August 2022","format":false,"excerpt":"Liebe Freunde von Camper Island Der Vulkan ist wieder online! Wir haben mehreren Kunden versprochen, sie sofort zu informieren, wenn der Vulkan wieder ausbrechen sollte. H\u00f6rt euch das an! H\u00f6rt euch das an! Er ist wieder in seinem alten Glanz erstrahlt. Manche sagen, dass dieser Ausbruch anders ist als der\u2026","rel":"","context":"In &quot;Vulkan&quot;","block_context":{"text":"Vulkan","link":"https:\/\/www.camper.is\/de\/news-produkt-updates\/vulkan\/"},"img":{"alt_text":"","src":"https:\/\/i0.wp.com\/www.camper.is\/wp-content\/uploads\/2022\/08\/DSC04733-scaled.jpg?fit=1200%2C802&quality=80&ssl=1&resize=350%2C200","width":350,"height":200,"srcset":"https:\/\/i0.wp.com\/www.camper.is\/wp-content\/uploads\/2022\/08\/DSC04733-scaled.jpg?fit=1200%2C802&quality=80&ssl=1&resize=350%2C200 1x, https:\/\/i0.wp.com\/www.camper.is\/wp-content\/uploads\/2022\/08\/DSC04733-scaled.jpg?fit=1200%2C802&quality=80&ssl=1&resize=525%2C300 1.5x, https:\/\/i0.wp.com\/www.camper.is\/wp-content\/uploads\/2022\/08\/DSC04733-scaled.jpg?fit=1200%2C802&quality=80&ssl=1&resize=700%2C400 2x, https:\/\/i0.wp.com\/www.camper.is\/wp-content\/uploads\/2022\/08\/DSC04733-scaled.jpg?fit=1200%2C802&quality=80&ssl=1&resize=1050%2C600 3x"},"classes":[]},{"id":45263,"url":"https:\/\/www.camper.is\/de\/der-vulkan-wird-ausbrechen\/","url_meta":{"origin":45620,"position":4},"title":"Der Vulkan wird ausbrechen","author":"admin","date":"3. M\u00e4rz 2021","format":false,"excerpt":"Spannende Neuigkeiten aus Island! V\u00ed\u00f0ir Reynisson, Chef der Abteilung f\u00fcr Katastrophenschutz und Notfallmanagement, erkl\u00e4rte gerade, dass der Vulkan tats\u00e4chlich innerhalb von Minuten oder Stunden ausbrechen k\u00f6nnte. Es gibt noch keinen Beweis, aber es gibt alle Anzeichen daf\u00fcr, dass dies tats\u00e4chlich ein ausbrechender Vulkan sein wird. AKTUALISIERT 16:25 Isl\u00e4ndische Zeit. Einige\u2026","rel":"","context":"In &quot;News &amp; Produkt-Updates&quot;","block_context":{"text":"News &amp; Produkt-Updates","link":"https:\/\/www.camper.is\/de\/news-produkt-updates\/"},"img":{"alt_text":"","src":"https:\/\/i0.wp.com\/www.camper.is\/wp-content\/uploads\/2021\/03\/7FCCF453-4688-4E20-8E79-7F5A8680DF0B.jpeg?fit=1200%2C901&quality=80&ssl=1&resize=350%2C200","width":350,"height":200,"srcset":"https:\/\/i0.wp.com\/www.camper.is\/wp-content\/uploads\/2021\/03\/7FCCF453-4688-4E20-8E79-7F5A8680DF0B.jpeg?fit=1200%2C901&quality=80&ssl=1&resize=350%2C200 1x, https:\/\/i0.wp.com\/www.camper.is\/wp-content\/uploads\/2021\/03\/7FCCF453-4688-4E20-8E79-7F5A8680DF0B.jpeg?fit=1200%2C901&quality=80&ssl=1&resize=525%2C300 1.5x, https:\/\/i0.wp.com\/www.camper.is\/wp-content\/uploads\/2021\/03\/7FCCF453-4688-4E20-8E79-7F5A8680DF0B.jpeg?fit=1200%2C901&quality=80&ssl=1&resize=700%2C400 2x, https:\/\/i0.wp.com\/www.camper.is\/wp-content\/uploads\/2021\/03\/7FCCF453-4688-4E20-8E79-7F5A8680DF0B.jpeg?fit=1200%2C901&quality=80&ssl=1&resize=1050%2C600 3x"},"classes":[]},{"id":75511,"url":"https:\/\/www.camper.is\/de\/%f0%9f%90%a3-oster-flash-sale-30-rabatt-auf-ihr-island-abenteuer-2026\/","url_meta":{"origin":45620,"position":5},"title":"\ud83d\udc23 Oster-Flash-Sale: 30% Rabatt auf Ihr Island-Abenteuer 2026!","author":"admin","date":"3. April 2026","format":false,"excerpt":"30% Rabatt auf Ihr Island-Abenteuer 2026! \ud83c\uddee\ud83c\uddf8 Verpassen Sie nicht unseren Oster-Flash-Sale! Buchen Sie Ihr Wohnmobil bis zum 15. April 2026 und profitieren Sie von einem satten Rabatt von 30% auf die t\u00e4glichen Mietpreise. G\u00fcltig f\u00fcr alle Reisen mit Fahrzeugabholung bis zum 30. Juni 2026. Erleben Sie den Zauber des\u2026","rel":"","context":"In &quot;News &amp; Produkt-Updates&quot;","block_context":{"text":"News &amp; Produkt-Updates","link":"https:\/\/www.camper.is\/de\/news-produkt-updates\/"},"img":{"alt_text":"","src":"https:\/\/i0.wp.com\/www.camper.is\/wp-content\/uploads\/2026\/04\/30_discount_iceland_2026-1-scaled.png?fit=1200%2C553&quality=72&ssl=1&resize=350%2C200","width":350,"height":200,"srcset":"https:\/\/i0.wp.com\/www.camper.is\/wp-content\/uploads\/2026\/04\/30_discount_iceland_2026-1-scaled.png?fit=1200%2C553&quality=72&ssl=1&resize=350%2C200 1x, https:\/\/i0.wp.com\/www.camper.is\/wp-content\/uploads\/2026\/04\/30_discount_iceland_2026-1-scaled.png?fit=1200%2C553&quality=72&ssl=1&resize=525%2C300 1.5x, https:\/\/i0.wp.com\/www.camper.is\/wp-content\/uploads\/2026\/04\/30_discount_iceland_2026-1-scaled.png?fit=1200%2C553&quality=72&ssl=1&resize=700%2C400 2x, https:\/\/i0.wp.com\/www.camper.is\/wp-content\/uploads\/2026\/04\/30_discount_iceland_2026-1-scaled.png?fit=1200%2C553&quality=72&ssl=1&resize=1050%2C600 3x"},"classes":[]}],"_links":{"self":[{"href":"https:\/\/www.camper.is\/de\/wp-json\/wp\/v2\/posts\/45620","targetHints":{"allow":["GET"]}}],"collection":[{"href":"https:\/\/www.camper.is\/de\/wp-json\/wp\/v2\/posts"}],"about":[{"href":"https:\/\/www.camper.is\/de\/wp-json\/wp\/v2\/types\/post"}],"author":[{"embeddable":true,"href":"https:\/\/www.camper.is\/de\/wp-json\/wp\/v2\/users\/1"}],"replies":[{"embeddable":true,"href":"https:\/\/www.camper.is\/de\/wp-json\/wp\/v2\/comments?post=45620"}],"version-history":[{"count":0,"href":"https:\/\/www.camper.is\/de\/wp-json\/wp\/v2\/posts\/45620\/revisions"}],"wp:featuredmedia":[{"embeddable":true,"href":"https:\/\/www.camper.is\/de\/wp-json\/wp\/v2\/media\/45605"}],"wp:attachment":[{"href":"https:\/\/www.camper.is\/de\/wp-json\/wp\/v2\/media?parent=45620"}],"wp:term":[{"taxonomy":"category","embeddable":true,"href":"https:\/\/www.camper.is\/de\/wp-json\/wp\/v2\/categories?post=45620"},{"taxonomy":"post_tag","embeddable":true,"href":"https:\/\/www.camper.is\/de\/wp-json\/wp\/v2\/tags?post=45620"}],"curies":[{"name":"wp","href":"https:\/\/api.w.org\/{rel}","templated":true}]}}